 
{"id":6873,"date":"2012-03-30T22:15:35","date_gmt":"2012-03-30T21:15:35","guid":{"rendered":"http:\/\/www.encreviolette.fr\/?p=6873"},"modified":"2012-03-30T22:25:34","modified_gmt":"2012-03-30T21:25:34","slug":"poissons-oeufs-de-paques-co","status":"publish","type":"post","link":"https:\/\/www.emmaducher.com\/blog\/2012\/03\/poissons-oeufs-de-paques-co\/","title":{"rendered":"poissons, oeufs de p\u00e2ques &#038; co"},"content":{"rendered":"<p>Quelques petites nouveaut\u00e9s, sorties fraichement de l&rsquo;atelier!<br \/>\nExtraits en images&#8230;<\/p>\n<p style=\"text-align: center;\"><img loading=\"lazy\" class=\"aligncenter size-full wp-image-6883\" title=\"  \" src=\"\/\/www.emmaducher.com\/blog\/wp-content\/uploads\/2012\/03\/oeufs-copy1.jpg\" alt=\"  \" width=\"500\" height=\"1701\" srcset=\"https:\/\/www.emmaducher.com\/blog\/wp-content\/uploads\/2012\/03\/oeufs-copy1.jpg 500w, https:\/\/www.emmaducher.com\/blog\/wp-content\/uploads\/2012\/03\/oeufs-copy1-88x300.jpg 88w, https:\/\/www.emmaducher.com\/blog\/wp-content\/uploads\/2012\/03\/oeufs-copy1-301x1024.jpg 301w\" sizes=\"(max-width: 500px) 85vw, 500px\" \/><\/p>\n<h5 style=\"text-align: center;\"><a href=\"http:\/\/www.selonlespointilles.fr\/Sur-Mesure\/110\/faire%20part%20carte%20postale\">invitations<\/a> et <a href=\"http:\/\/www.selonlespointilles.fr\/Sur-Mesure\/104\/boite%20kraft%20+%20aimant%20+%20dragees\">boites de drag\u00e9es<\/a> sur mesure<br \/>\ns\u00e9rie <a href=\"http:\/\/www.selonlespointilles.fr\/Produit\/161\/poissons-pop\">poissons pop<\/a><br \/>\ns\u00e9rie <a href=\"http:\/\/www.selonlespointilles.fr\/Produit\/157\/oeufs-de-p%C3%A2ques\">oeufs de P\u00e2ques<\/a><br \/>\net <a href=\"http:\/\/www.selonlespointilles.fr\/Produit\/158\/semainier\">les jours de la semaine<\/a>&#8230;<\/h5>\n<p style=\"text-align: center;\">\n","protected":false},"excerpt":{"rendered":"<p>Quelques petites nouveaut\u00e9s, sorties fraichement de l&rsquo;atelier! Extraits en images&#8230; invitations et boites de drag\u00e9es sur mesure s\u00e9rie poissons pop s\u00e9rie oeufs de P\u00e2ques et les jours de la semaine&#8230;<\/p>\n","protected":false},"author":1,"featured_media":0,"comment_status":"open","ping_status":"open","sticky":false,"template":"","format":"standard","meta":[],"categories":[90,99],"tags":[],"_links":{"self":[{"href":"https:\/\/www.emmaducher.com\/blog\/wp-json\/wp\/v2\/posts\/6873"}],"collection":[{"href":"https:\/\/www.emmaducher.com\/blog\/wp-json\/wp\/v2\/posts"}],"about":[{"href":"https:\/\/www.emmaducher.com\/blog\/wp-json\/wp\/v2\/types\/post"}],"author":[{"embeddable":true,"href":"https:\/\/www.emmaducher.com\/blog\/wp-json\/wp\/v2\/users\/1"}],"replies":[{"embeddable":true,"href":"https:\/\/www.emmaducher.com\/blog\/wp-json\/wp\/v2\/comments?post=6873"}],"version-history":[{"count":6,"href":"https:\/\/www.emmaducher.com\/blog\/wp-json\/wp\/v2\/posts\/6873\/revisions"}],"predecessor-version":[{"id":6880,"href":"https:\/\/www.emmaducher.com\/blog\/wp-json\/wp\/v2\/posts\/6873\/revisions\/6880"}],"wp:attachment":[{"href":"https:\/\/www.emmaducher.com\/blog\/wp-json\/wp\/v2\/media?parent=6873"}],"wp:term":[{"taxonomy":"category","embeddable":true,"href":"https:\/\/www.emmaducher.com\/blog\/wp-json\/wp\/v2\/categories?post=6873"},{"taxonomy":"post_tag","embeddable":true,"href":"https:\/\/www.emmaducher.com\/blog\/wp-json\/wp\/v2\/tags?post=6873"}],"curies":[{"name":"wp","href":"https:\/\/api.w.org\/{rel}","templated":true}]}}