 
{"id":6922,"date":"2012-04-24T18:49:29","date_gmt":"2012-04-24T17:49:29","guid":{"rendered":"http:\/\/www.encreviolette.fr\/?p=6922"},"modified":"2012-04-24T18:49:29","modified_gmt":"2012-04-24T17:49:29","slug":"jen-me-marreu","status":"publish","type":"post","link":"https:\/\/www.emmaducher.com\/blog\/2012\/04\/jen-me-marreu\/","title":{"rendered":"j&rsquo;en m\u00e9 marreu"},"content":{"rendered":"<p>Je crois que c&rsquo;est la premi\u00e8re phrase qu&rsquo;Ernest a su prononcer.<br \/>\nC&rsquo;est bien simple, Ernest en a marre tr\u00e8s souvent, pour des tas de choses.<\/p>\n<p><em>J&rsquo;en m\u00e9 marreu de marcher <\/em>(le son E \u00e0 la fin des mots est tr\u00e8s prononc\u00e9 avec Ernest!)<em><br \/>\nJ&rsquo;en m\u00e9 marreu de manger<br \/>\nJ&rsquo;en m\u00e9 marreu de jouer<br \/>\nJ&rsquo;en m\u00e9 marreu de marcher<br \/>\nJ&rsquo;en m\u00e9 marreu de mes chaussures<br \/>\nJ&rsquo;en m\u00e9 marreu de prendre un bain<br \/>\nJ&rsquo;en m\u00e9 marreu de marcher<br \/>\nJ&rsquo;en m\u00e9 marreu de regarder la t\u00e9l\u00e9<br \/>\nJ&rsquo;en m\u00e9 marreu de marcher<br \/>\nJ&rsquo;en m\u00e9 marreu de mes soeurs<br \/>\nJ&rsquo;en m\u00e9 marreu de marcher<br \/>\nJ&rsquo;en m\u00e9 marreu de marcher<br \/>\nJ&rsquo;en m\u00e9 marreu de dormir <\/em>(sur ce sujet j&rsquo;ai de quoi \u00e9crire un roman tiens)<em><br \/>\nJ&rsquo;en m\u00e9 marreu de marcher&#8230;<\/em><\/p>\n<p>A croire qu&rsquo;on lui fait faire des randonn\u00e9es depuis qu&rsquo;il sait tenir sur ses jambes. Mais non, c&rsquo;est tout le contraire, Ernest adooore faire la sieste dans sa poussette (oui, encore), c&rsquo;est bien le seul endroit o\u00f9 il la fait encore (du moins avec ses parents, puisqu&rsquo;il parait qu&rsquo;il dort des apr\u00e8s-midi enti\u00e8res chez ses grands-parents, le filou). Alors avant de pouvoir dire qu&rsquo;on le fait trop marcher, on a carr\u00e9ment de la marge. Pour prouver sa mauvaise fois : il est capable de se r\u00e9veiller d&rsquo;une graaande sieste dans sa poussette en disant : \u00ab\u00a0<em>J&rsquo;en m\u00e9 marreu de marcher&#8230;!<\/em>\u00a0\u00bb<br \/>\nAhhhhhh&#8230;.<\/p>\n<p><img loading=\"lazy\" class=\"aligncenter size-full wp-image-6938\" src=\"\/\/www.emmaducher.com\/blog\/wp-content\/uploads\/2012\/04\/ernest1.jpg\" alt=\"\" width=\"500\" height=\"500\" srcset=\"https:\/\/www.emmaducher.com\/blog\/wp-content\/uploads\/2012\/04\/ernest1.jpg 500w, https:\/\/www.emmaducher.com\/blog\/wp-content\/uploads\/2012\/04\/ernest1-250x250.jpg 250w, https:\/\/www.emmaducher.com\/blog\/wp-content\/uploads\/2012\/04\/ernest1-300x300.jpg 300w\" sizes=\"(max-width: 500px) 85vw, 500px\" \/><\/p>\n<p>Tatata&#8230; j&rsquo;entends hein!<br \/>\nJ&rsquo;entends les \u00ab\u00a0<em>mais de qui tient il?<\/em>\u00ab\u00a0, \u00ab\u00a0<em>les chiens de font pas des chats&#8230;<\/em>\u00a0\u00bb voire pire \u00ab\u00a0<em>c&rsquo;est toi tout crach\u00e9 quand tu \u00e9tais petite<\/em>\u00ab\u00a0&#8230; Voil\u00e0, c&rsquo;est pos\u00e9, \u00e9tabli, clair et net, cet enfant est un r\u00e2leur n\u00e9, comme sa m\u00e8re.<br \/>\nEt il s&rsquo;est pass\u00e9 un truc dingue dans la vie de mon b\u00e9b\u00e9&#8230;<br \/>\nJe viens de l&rsquo;inscrire \u00e0 l&rsquo;\u00e9cole! Je n&rsquo;ai pas anticip\u00e9, ni r\u00e9serv\u00e9 sa place pour dans plusieurs ann\u00e9es, je l&rsquo;ai juste inscris pour la prochaine rentr\u00e9e scolaire, normal quoi.<br \/>\n3 ans en juillet = premi\u00e8re rentr\u00e9e scolaire en septembre. Va falloir s&rsquo;y faire (enfin surtout moi en fait, et lui&#8230;).<\/p>\n<p>Et il va surtout falloir s&rsquo;habituer \u00e0 un truc de fou en septembre : mon b\u00e9b\u00e9 a un homonyme! un vrai de vrai.<br \/>\nLa directrice de l&rsquo;\u00e9cole pensait avoir d\u00e9j\u00e0 inscrit Ernest! Il y aura en petite section 2 Ernest portant le m\u00eame nom de famille. Pas la m\u00eame orthographe, mais quand m\u00eame, \u00e0 l&rsquo;oreille c&rsquo;est le m\u00eame nom, \u00e7a va \u00eatre pratique pour les diff\u00e9rencier.<br \/>\nC&rsquo;est fou non? 2 Ernest, portant le m\u00eame nom de famille, ayant le m\u00eame \u00e2ge et vivant dans le m\u00eame quartier, scolaris\u00e9 dans la m\u00eame \u00e9cole&#8230; pfiou!<\/p>\n<p>Vous savez quoi?<br \/>\nJe l&rsquo;entends d&rsquo;ici le \u00ab\u00a0<em>J&rsquo;en m\u00e9 marreu de l&rsquo;autre Ernest<\/em>\u00ab\u00a0&#8230;<br \/>\n(Pourvu qu&rsquo;il ne d\u00e9cide pas de revenir au \u00ab\u00a0<a href=\"http:\/\/www.emmaducher.com\/blog\/2011\/11\/la-chapka-du-chouchou\/\">b\u00e9b\u00e9 cochon<\/a>\u00a0\u00bb pour se diff\u00e9rencier&#8230;)<\/p>\n","protected":false},"excerpt":{"rendered":"<p>Je crois que c&rsquo;est la premi\u00e8re phrase qu&rsquo;Ernest a su prononcer. C&rsquo;est bien simple, Ernest en a marre tr\u00e8s souvent, pour des tas de choses. J&rsquo;en m\u00e9 marreu de marcher (le son E \u00e0 la fin des mots est tr\u00e8s prononc\u00e9 avec Ernest!) J&rsquo;en m\u00e9 marreu de manger J&rsquo;en m\u00e9 marreu de jouer J&rsquo;en m\u00e9 &hellip; <a href=\"https:\/\/www.emmaducher.com\/blog\/2012\/04\/jen-me-marreu\/\" class=\"more-link\">Continuer la lecture<span class=\"screen-reader-text\"> de &laquo;&nbsp;j&rsquo;en m\u00e9 marreu&nbsp;&raquo;<\/span><\/a><\/p>\n","protected":false},"author":1,"featured_media":0,"comment_status":"open","ping_status":"open","sticky":false,"template":"","format":"standard","meta":[],"categories":[97],"tags":[],"_links":{"self":[{"href":"https:\/\/www.emmaducher.com\/blog\/wp-json\/wp\/v2\/posts\/6922"}],"collection":[{"href":"https:\/\/www.emmaducher.com\/blog\/wp-json\/wp\/v2\/posts"}],"about":[{"href":"https:\/\/www.emmaducher.com\/blog\/wp-json\/wp\/v2\/types\/post"}],"author":[{"embeddable":true,"href":"https:\/\/www.emmaducher.com\/blog\/wp-json\/wp\/v2\/users\/1"}],"replies":[{"embeddable":true,"href":"https:\/\/www.emmaducher.com\/blog\/wp-json\/wp\/v2\/comments?post=6922"}],"version-history":[{"count":7,"href":"https:\/\/www.emmaducher.com\/blog\/wp-json\/wp\/v2\/posts\/6922\/revisions"}],"predecessor-version":[{"id":6945,"href":"https:\/\/www.emmaducher.com\/blog\/wp-json\/wp\/v2\/posts\/6922\/revisions\/6945"}],"wp:attachment":[{"href":"https:\/\/www.emmaducher.com\/blog\/wp-json\/wp\/v2\/media?parent=6922"}],"wp:term":[{"taxonomy":"category","embeddable":true,"href":"https:\/\/www.emmaducher.com\/blog\/wp-json\/wp\/v2\/categories?post=6922"},{"taxonomy":"post_tag","embeddable":true,"href":"https:\/\/www.emmaducher.com\/blog\/wp-json\/wp\/v2\/tags?post=6922"}],"curies":[{"name":"wp","href":"https:\/\/api.w.org\/{rel}","templated":true}]}}