 
{"id":7082,"date":"2012-06-03T01:12:19","date_gmt":"2012-06-02T23:12:19","guid":{"rendered":"http:\/\/www.encreviolette.fr\/?p=7082"},"modified":"2012-06-03T01:12:19","modified_gmt":"2012-06-02T23:12:19","slug":"marche-de-la-mode-vintage","status":"publish","type":"post","link":"https:\/\/www.emmaducher.com\/blog\/2012\/06\/marche-de-la-mode-vintage\/","title":{"rendered":"March\u00e9 de la Mode Vintage"},"content":{"rendered":"<p>Amoureux du vintage, il FAUT aller l\u00e0-bas. Viiite \u00e7a finit ce soir.<br \/>\nL&rsquo;\u00e9dition 2012 du <a href=\"http:\/\/www.marchemodevintage.com\/\">March\u00e9 de la Mode Vintage<\/a> a lieu dans les anciennes usines Brossette, une friche industrielle qui vaut le d\u00e9tour. Un lieu parfaitement adapt\u00e9 \u00e0 ce genre de manifestations.<br \/>\nDes fripes, des meubles, des bibelots, des cr\u00e9ateurs inspir\u00e9s par les ann\u00e9es 50 \u00e0 70, des ateliers de coiffure et relooking, des d\u00e9fil\u00e9s, on en a pris plein les yeux, et on a pass\u00e9 un bon moment.<\/p>\n<p><img loading=\"lazy\" class=\"aligncenter size-full wp-image-7083\" src=\"\/\/www.emmaducher.com\/blog\/wp-content\/uploads\/2012\/06\/mode-vintage-1.jpg\" alt=\"\" width=\"500\" height=\"4923\" srcset=\"https:\/\/www.emmaducher.com\/blog\/wp-content\/uploads\/2012\/06\/mode-vintage-1.jpg 500w, https:\/\/www.emmaducher.com\/blog\/wp-content\/uploads\/2012\/06\/mode-vintage-1-104x1024.jpg 104w\" sizes=\"(max-width: 500px) 85vw, 500px\" \/><\/p>\n<p>M\u00eame <a href=\"http:\/\/www.magazinegeorges.com\/\">Georges<\/a> ador\u00e9 \u00e9tait l\u00e0 : il avait organis\u00e9 un espace ludique et graphique fa\u00e7on \u00ab\u00a0garage de Georges\u00a0\u00bb sur le th\u00e8me du v\u00e9lo bien s\u00fbr!<br \/>\nLes enfants ont fait une vraie fausse course de v\u00e9lo, gagn\u00e9 des coupes de vainqueurs, colori\u00e9 des fanions multicolores&#8230;<\/p>\n<p>Z\u00e9lie ne savait plus o\u00f9 donner de la t\u00eate, et je la surprenais parfois compl\u00e8tement bouche b\u00e9e devant des looks so vintage. Elle \u00e9tait en totale admiration des chaussures surtout!<\/p>\n<p style=\"text-align: center;\"><img loading=\"lazy\" class=\"aligncenter size-full wp-image-7084\" src=\"\/\/www.emmaducher.com\/blog\/wp-content\/uploads\/2012\/06\/mode-vintage-2.jpg\" alt=\"\" width=\"500\" height=\"1668\" srcset=\"https:\/\/www.emmaducher.com\/blog\/wp-content\/uploads\/2012\/06\/mode-vintage-2.jpg 500w, https:\/\/www.emmaducher.com\/blog\/wp-content\/uploads\/2012\/06\/mode-vintage-2-90x300.jpg 90w, https:\/\/www.emmaducher.com\/blog\/wp-content\/uploads\/2012\/06\/mode-vintage-2-307x1024.jpg 307w\" sizes=\"(max-width: 500px) 85vw, 500px\" \/><\/p>\n<h5 style=\"text-align: center;\">Z\u00e9lie porte une robe quadrille <a href=\"http:\/\/www.lecarrousel.org\/\">Le Carrousel<\/a>,<br \/>\net Violette <a href=\"http:\/\/www.dpam.com\/robe-p-31152.html?c=312&amp;cPath=1_27_1311\">une robe DPAM<\/a>, qu&rsquo;au moins deux autres <a href=\"http:\/\/tetedalouette.canalblog.com\/\">petites<\/a> <a href=\"http:\/\/www.eliottcerise.com\/\">lyonnaises<\/a> portent!<\/h5>\n<p>Violette et Z\u00e9lie ont pu s&rsquo;initier au hulahoop pendant la hullahoop-party et ne voulaient plus quitter l&rsquo;estrade.<br \/>\nEn rentrant, on a d\u00fb faire une petite pause chez D\u00e9cat*lon pour s&rsquo;\u00e9quiper en cerceaux. C&rsquo;est qu&rsquo;une nouvelle passion est n\u00e9e et on ne rigole pas avec l&rsquo;entrainement. Z\u00e9lie a aussit\u00f4t customis\u00e9 le sien avec des gommettes \u00e9toiles argent\u00e9es pour le rendre &#8230; vintage!<\/p>\n","protected":false},"excerpt":{"rendered":"<p>Amoureux du vintage, il FAUT aller l\u00e0-bas. Viiite \u00e7a finit ce soir. L&rsquo;\u00e9dition 2012 du March\u00e9 de la Mode Vintage a lieu dans les anciennes usines Brossette, une friche industrielle qui vaut le d\u00e9tour. Un lieu parfaitement adapt\u00e9 \u00e0 ce genre de manifestations. Des fripes, des meubles, des bibelots, des cr\u00e9ateurs inspir\u00e9s par les ann\u00e9es &hellip; <a href=\"https:\/\/www.emmaducher.com\/blog\/2012\/06\/marche-de-la-mode-vintage\/\" class=\"more-link\">Continuer la lecture<span class=\"screen-reader-text\"> de &laquo;&nbsp;March\u00e9 de la Mode Vintage&nbsp;&raquo;<\/span><\/a><\/p>\n","protected":false},"author":1,"featured_media":0,"comment_status":"open","ping_status":"open","sticky":false,"template":"","format":"standard","meta":[],"categories":[88],"tags":[],"_links":{"self":[{"href":"https:\/\/www.emmaducher.com\/blog\/wp-json\/wp\/v2\/posts\/7082"}],"collection":[{"href":"https:\/\/www.emmaducher.com\/blog\/wp-json\/wp\/v2\/posts"}],"about":[{"href":"https:\/\/www.emmaducher.com\/blog\/wp-json\/wp\/v2\/types\/post"}],"author":[{"embeddable":true,"href":"https:\/\/www.emmaducher.com\/blog\/wp-json\/wp\/v2\/users\/1"}],"replies":[{"embeddable":true,"href":"https:\/\/www.emmaducher.com\/blog\/wp-json\/wp\/v2\/comments?post=7082"}],"version-history":[{"count":3,"href":"https:\/\/www.emmaducher.com\/blog\/wp-json\/wp\/v2\/posts\/7082\/revisions"}],"predecessor-version":[{"id":7087,"href":"https:\/\/www.emmaducher.com\/blog\/wp-json\/wp\/v2\/posts\/7082\/revisions\/7087"}],"wp:attachment":[{"href":"https:\/\/www.emmaducher.com\/blog\/wp-json\/wp\/v2\/media?parent=7082"}],"wp:term":[{"taxonomy":"category","embeddable":true,"href":"https:\/\/www.emmaducher.com\/blog\/wp-json\/wp\/v2\/categories?post=7082"},{"taxonomy":"post_tag","embeddable":true,"href":"https:\/\/www.emmaducher.com\/blog\/wp-json\/wp\/v2\/tags?post=7082"}],"curies":[{"name":"wp","href":"https:\/\/api.w.org\/{rel}","templated":true}]}}