 
{"id":7095,"date":"2012-06-13T00:05:12","date_gmt":"2012-06-12T22:05:12","guid":{"rendered":"http:\/\/www.encreviolette.fr\/?p=7095"},"modified":"2012-06-13T00:00:46","modified_gmt":"2012-06-12T22:00:46","slug":"d13-savane","status":"publish","type":"post","link":"https:\/\/www.emmaducher.com\/blog\/2012\/06\/d13-savane\/","title":{"rendered":"D13 savane"},"content":{"rendered":"<p>Toctoctoc&#8230; y&rsquo;a quelqu&rsquo;un???<br \/>\nJe tricote, je bidouille, je r\u00e9fl\u00e9chis&#8230;<br \/>\nEt surtout, j&rsquo;en ai marre de ce mois de juin pourri. Il me manque mon quota de plein-air.<br \/>\nOn se croirait en novembre, stoooop!<br \/>\nFaut \u00eatre motiv\u00e9 pour tricoter des mati\u00e8res d&rsquo;\u00e9t\u00e9.<br \/>\nL\u00e0, j&rsquo;ai carr\u00e9ment envie de tricoter de l&rsquo;alpaga par exemple.<br \/>\nMais bon <a href=\"http:\/\/www.defi13.com\/\">avec un th\u00e8me Savane<\/a>, pour \u00eatre raccord, il me fallait du lin.<\/p>\n<p>Finalement, un th\u00e8me fourrure, ou coin du feu aurait \u00e9t\u00e9 bienvenu!<\/p>\n<p><img loading=\"lazy\" class=\"aligncenter size-full wp-image-7096\" src=\"\/\/www.emmaducher.com\/blog\/wp-content\/uploads\/2012\/06\/cargese.jpg\" alt=\"\" width=\"500\" height=\"2905\" srcset=\"https:\/\/www.emmaducher.com\/blog\/wp-content\/uploads\/2012\/06\/cargese.jpg 500w, https:\/\/www.emmaducher.com\/blog\/wp-content\/uploads\/2012\/06\/cargese-176x1024.jpg 176w\" sizes=\"(max-width: 500px) 85vw, 500px\" \/><\/p>\n<h5 style=\"text-align: center;\"><a href=\"http:\/\/tricots-de-la-droguerie.fr\/\">D\u00e9bardeur Carg\u00e8se en lin Sahel et lin For\u00eat d&rsquo;Emeraude<\/a><br \/>\ntricot\u00e9 de concert avec d&rsquo;autres testeuses&#8230;!<\/h5>\n<p style=\"text-align: left;\">Ca n&rsquo;est pas moi qui pose :<br \/>\nj&rsquo;ai tricot\u00e9 la t\u00eate dans le guidon, en 3,5 au lieu du 4 pr\u00e9conis\u00e9, mais en plus j&rsquo;ai suivi la taille M au lieu de la taille L&#8230; mauvaise id\u00e9e.<br \/>\nCa m&rsquo;apprendra \u00e0 me concentrer sur les premi\u00e8res lignes d&rsquo;une fiche tricot,<br \/>\net \u00e0 tricoter l&rsquo;\u00e9chantillon, vous le faites syst\u00e9matiquement les tricoteuses?<br \/>\nLa bonne id\u00e9e, c&rsquo;est que je sais d\u00e9j\u00e0 \u00e0 qui il va aller comme un gant&#8230;<\/p>\n<p>Sinon le lin est ma mati\u00e8re ador\u00e9e en tricot, mais je crois bien que je l&rsquo;ai d\u00e9j\u00e0 dit.<br \/>\nEt puisque l&rsquo;\u00e9t\u00e9 va bien finir par arriver,\u00a0 je pr\u00e9vois, je tricote du coton! A suivre&#8230;\n<\/p>\n<p style=\"text-align: center;\"><strong><span style=\"color: #008080;\">D&rsquo;autres savanophiles par ici&#8230;<\/span><\/strong><\/p>\n","protected":false},"excerpt":{"rendered":"<p>Toctoctoc&#8230; y&rsquo;a quelqu&rsquo;un??? Je tricote, je bidouille, je r\u00e9fl\u00e9chis&#8230; Et surtout, j&rsquo;en ai marre de ce mois de juin pourri. Il me manque mon quota de plein-air. On se croirait en novembre, stoooop! Faut \u00eatre motiv\u00e9 pour tricoter des mati\u00e8res d&rsquo;\u00e9t\u00e9. L\u00e0, j&rsquo;ai carr\u00e9ment envie de tricoter de l&rsquo;alpaga par exemple. Mais bon avec un &hellip; <a href=\"https:\/\/www.emmaducher.com\/blog\/2012\/06\/d13-savane\/\" class=\"more-link\">Continuer la lecture<span class=\"screen-reader-text\"> de &laquo;&nbsp;D13 savane&nbsp;&raquo;<\/span><\/a><\/p>\n","protected":false},"author":1,"featured_media":0,"comment_status":"open","ping_status":"open","sticky":false,"template":"","format":"standard","meta":[],"categories":[95,70],"tags":[],"_links":{"self":[{"href":"https:\/\/www.emmaducher.com\/blog\/wp-json\/wp\/v2\/posts\/7095"}],"collection":[{"href":"https:\/\/www.emmaducher.com\/blog\/wp-json\/wp\/v2\/posts"}],"about":[{"href":"https:\/\/www.emmaducher.com\/blog\/wp-json\/wp\/v2\/types\/post"}],"author":[{"embeddable":true,"href":"https:\/\/www.emmaducher.com\/blog\/wp-json\/wp\/v2\/users\/1"}],"replies":[{"embeddable":true,"href":"https:\/\/www.emmaducher.com\/blog\/wp-json\/wp\/v2\/comments?post=7095"}],"version-history":[{"count":11,"href":"https:\/\/www.emmaducher.com\/blog\/wp-json\/wp\/v2\/posts\/7095\/revisions"}],"predecessor-version":[{"id":7101,"href":"https:\/\/www.emmaducher.com\/blog\/wp-json\/wp\/v2\/posts\/7095\/revisions\/7101"}],"wp:attachment":[{"href":"https:\/\/www.emmaducher.com\/blog\/wp-json\/wp\/v2\/media?parent=7095"}],"wp:term":[{"taxonomy":"category","embeddable":true,"href":"https:\/\/www.emmaducher.com\/blog\/wp-json\/wp\/v2\/categories?post=7095"},{"taxonomy":"post_tag","embeddable":true,"href":"https:\/\/www.emmaducher.com\/blog\/wp-json\/wp\/v2\/tags?post=7095"}],"curies":[{"name":"wp","href":"https:\/\/api.w.org\/{rel}","templated":true}]}}