 
{"id":7108,"date":"2012-06-15T09:11:10","date_gmt":"2012-06-15T07:11:10","guid":{"rendered":"http:\/\/www.encreviolette.fr\/?p=7108"},"modified":"2012-06-15T09:11:10","modified_gmt":"2012-06-15T07:11:10","slug":"pour-elio","status":"publish","type":"post","link":"https:\/\/www.emmaducher.com\/blog\/2012\/06\/pour-elio\/","title":{"rendered":"pour Elio"},"content":{"rendered":"<p>Pour le bapt\u00eame d&rsquo;Elio, sa maman voulait un faire part et les boites de drag\u00e9es sur le th\u00e8me d&rsquo;un oiseau sur une branche, des petites baies, une harmonie de couleurs anis\u00e9es, jaunes, printani\u00e8res.<br \/>\n<img loading=\"lazy\" class=\"aligncenter size-full wp-image-7109\" src=\"\/\/www.emmaducher.com\/blog\/wp-content\/uploads\/2012\/06\/elio.jpg\" alt=\"\" width=\"500\" height=\"1200\" srcset=\"https:\/\/www.emmaducher.com\/blog\/wp-content\/uploads\/2012\/06\/elio.jpg 500w, https:\/\/www.emmaducher.com\/blog\/wp-content\/uploads\/2012\/06\/elio-125x300.jpg 125w, https:\/\/www.emmaducher.com\/blog\/wp-content\/uploads\/2012\/06\/elio-427x1024.jpg 427w\" sizes=\"(max-width: 500px) 85vw, 500px\" \/>Une fois n&rsquo;est pas coutume, j&rsquo;ai dit oui \u00e0 <a href=\"http:\/\/blablaetc.canalblog.com\/archives\/2012\/06\/15\/24461493.html\">Anne<\/a> pour travailler ce motif sur ses porcelaines&#8230; une bonne id\u00e9e pour la d\u00e9co de la f\u00eate!<\/p>\n<p style=\"text-align: center;\"><img loading=\"lazy\" class=\"size-full wp-image-7110  aligncenter\" src=\"\/\/www.emmaducher.com\/blog\/wp-content\/uploads\/2012\/06\/76623872_p.jpg\" alt=\"\" width=\"450\" height=\"300\" srcset=\"https:\/\/www.emmaducher.com\/blog\/wp-content\/uploads\/2012\/06\/76623872_p.jpg 450w, https:\/\/www.emmaducher.com\/blog\/wp-content\/uploads\/2012\/06\/76623872_p-300x200.jpg 300w\" sizes=\"(max-width: 450px) 85vw, 450px\" \/><\/p>\n","protected":false},"excerpt":{"rendered":"<p>Pour le bapt\u00eame d&rsquo;Elio, sa maman voulait un faire part et les boites de drag\u00e9es sur le th\u00e8me d&rsquo;un oiseau sur une branche, des petites baies, une harmonie de couleurs anis\u00e9es, jaunes, printani\u00e8res. Une fois n&rsquo;est pas coutume, j&rsquo;ai dit oui \u00e0 Anne pour travailler ce motif sur ses porcelaines&#8230; une bonne id\u00e9e pour la &hellip; <a href=\"https:\/\/www.emmaducher.com\/blog\/2012\/06\/pour-elio\/\" class=\"more-link\">Continuer la lecture<span class=\"screen-reader-text\"> de &laquo;&nbsp;pour Elio&nbsp;&raquo;<\/span><\/a><\/p>\n","protected":false},"author":1,"featured_media":0,"comment_status":"open","ping_status":"open","sticky":false,"template":"","format":"standard","meta":[],"categories":[100],"tags":[],"_links":{"self":[{"href":"https:\/\/www.emmaducher.com\/blog\/wp-json\/wp\/v2\/posts\/7108"}],"collection":[{"href":"https:\/\/www.emmaducher.com\/blog\/wp-json\/wp\/v2\/posts"}],"about":[{"href":"https:\/\/www.emmaducher.com\/blog\/wp-json\/wp\/v2\/types\/post"}],"author":[{"embeddable":true,"href":"https:\/\/www.emmaducher.com\/blog\/wp-json\/wp\/v2\/users\/1"}],"replies":[{"embeddable":true,"href":"https:\/\/www.emmaducher.com\/blog\/wp-json\/wp\/v2\/comments?post=7108"}],"version-history":[{"count":2,"href":"https:\/\/www.emmaducher.com\/blog\/wp-json\/wp\/v2\/posts\/7108\/revisions"}],"predecessor-version":[{"id":7112,"href":"https:\/\/www.emmaducher.com\/blog\/wp-json\/wp\/v2\/posts\/7108\/revisions\/7112"}],"wp:attachment":[{"href":"https:\/\/www.emmaducher.com\/blog\/wp-json\/wp\/v2\/media?parent=7108"}],"wp:term":[{"taxonomy":"category","embeddable":true,"href":"https:\/\/www.emmaducher.com\/blog\/wp-json\/wp\/v2\/categories?post=7108"},{"taxonomy":"post_tag","embeddable":true,"href":"https:\/\/www.emmaducher.com\/blog\/wp-json\/wp\/v2\/tags?post=7108"}],"curies":[{"name":"wp","href":"https:\/\/api.w.org\/{rel}","templated":true}]}}