 
{"id":7585,"date":"2012-11-17T12:00:29","date_gmt":"2012-11-17T10:00:29","guid":{"rendered":"http:\/\/www.encreviolette.fr\/?p=7585"},"modified":"2012-11-17T13:01:56","modified_gmt":"2012-11-17T11:01:56","slug":"ya-pas-que-le-the-dans-la-vie-bis","status":"publish","type":"post","link":"https:\/\/www.emmaducher.com\/blog\/2012\/11\/ya-pas-que-le-the-dans-la-vie-bis\/","title":{"rendered":"y&rsquo;a pas que le th\u00e9 dans la vie -bis-"},"content":{"rendered":"<p>On reste quand m\u00eame dans la th\u00e9matique de l&rsquo;Avent, puisqu&rsquo;avec <a href=\"http:\/\/milkandpaper.bigcartel.com\/\">Estelle<\/a>, on vous a concoct\u00e9 des kits pour pr\u00e9parer vos calendriers de l&rsquo;Avent.<br \/>\nLe kit pr\u00e9voit <a href=\"http:\/\/www.selonlespointilles.fr\/Produit\/197\/kit-calendrier-de-l%27avent--bo%C3%AEtes-\">24 boites \u00e0 anses<\/a> (<a href=\"http:\/\/www.selonlespointilles.fr\/Produit\/196\/kit-calendrier-de-l%27avent--sachets-\">ou 24 sachets blancs<\/a>), un m\u00e9trage de baker twine, 1 planche de 24 stickers, et 3 \u00ab\u00a0bon pour\u00a0\u00bb pour remplir d\u00e9j\u00e0 3 boites (ou sachets).<\/p>\n<p><a href=\"http:\/\/www.selonlespointilles.fr\/Produit\/197\/kit-calendrier-de-l%27avent--bo%C3%AEtes-\"><img loading=\"lazy\" class=\"aligncenter size-full wp-image-7591\" src=\"\/\/www.emmaducher.com\/blog\/wp-content\/uploads\/2012\/11\/boites-pour-blog.jpg\" alt=\"\" width=\"500\" height=\"1589\" srcset=\"https:\/\/www.emmaducher.com\/blog\/wp-content\/uploads\/2012\/11\/boites-pour-blog.jpg 500w, https:\/\/www.emmaducher.com\/blog\/wp-content\/uploads\/2012\/11\/boites-pour-blog-94x300.jpg 94w, https:\/\/www.emmaducher.com\/blog\/wp-content\/uploads\/2012\/11\/boites-pour-blog-322x1024.jpg 322w\" sizes=\"(max-width: 500px) 85vw, 500px\" \/><\/a><\/p>\n<p><a href=\"http:\/\/www.selonlespointilles.fr\/Produit\/196\/kit-calendrier-de-l%27avent--sachets-\"><img loading=\"lazy\" class=\"aligncenter size-full wp-image-7592\" src=\"\/\/www.emmaducher.com\/blog\/wp-content\/uploads\/2012\/11\/sachets-pour-blog.jpg\" alt=\"\" width=\"500\" height=\"1344\" srcset=\"https:\/\/www.emmaducher.com\/blog\/wp-content\/uploads\/2012\/11\/sachets-pour-blog.jpg 500w, https:\/\/www.emmaducher.com\/blog\/wp-content\/uploads\/2012\/11\/sachets-pour-blog-112x300.jpg 112w, https:\/\/www.emmaducher.com\/blog\/wp-content\/uploads\/2012\/11\/sachets-pour-blog-381x1024.jpg 381w\" sizes=\"(max-width: 500px) 85vw, 500px\" \/><\/a><\/p>\n<h5 style=\"text-align: center;\">cr\u00e9dit photos <a href=\"http:\/\/milkandpaper.bigcartel.com\/\">Milk &amp; Paper<\/a><br \/>\nEn ligne d\u00e8s aujourd&rsquo;hui chez <a href=\"http:\/\/milkandpaper.bigcartel.com\/\">Milk &amp; Paper<\/a> et chez <a href=\"http:\/\/www.selonlespointilles.fr\/Categorie\/26\/Nouveaut%C3%A9s\">l&rsquo;Encre Violette<\/a><\/h5>\n","protected":false},"excerpt":{"rendered":"<p>On reste quand m\u00eame dans la th\u00e9matique de l&rsquo;Avent, puisqu&rsquo;avec Estelle, on vous a concoct\u00e9 des kits pour pr\u00e9parer vos calendriers de l&rsquo;Avent. Le kit pr\u00e9voit 24 boites \u00e0 anses (ou 24 sachets blancs), un m\u00e9trage de baker twine, 1 planche de 24 stickers, et 3 \u00ab\u00a0bon pour\u00a0\u00bb pour remplir d\u00e9j\u00e0 3 boites (ou sachets). &hellip; <a href=\"https:\/\/www.emmaducher.com\/blog\/2012\/11\/ya-pas-que-le-the-dans-la-vie-bis\/\" class=\"more-link\">Continuer la lecture<span class=\"screen-reader-text\"> de &laquo;&nbsp;y&rsquo;a pas que le th\u00e9 dans la vie -bis-&nbsp;&raquo;<\/span><\/a><\/p>\n","protected":false},"author":1,"featured_media":0,"comment_status":"open","ping_status":"open","sticky":false,"template":"","format":"standard","meta":[],"categories":[78,100],"tags":[],"_links":{"self":[{"href":"https:\/\/www.emmaducher.com\/blog\/wp-json\/wp\/v2\/posts\/7585"}],"collection":[{"href":"https:\/\/www.emmaducher.com\/blog\/wp-json\/wp\/v2\/posts"}],"about":[{"href":"https:\/\/www.emmaducher.com\/blog\/wp-json\/wp\/v2\/types\/post"}],"author":[{"embeddable":true,"href":"https:\/\/www.emmaducher.com\/blog\/wp-json\/wp\/v2\/users\/1"}],"replies":[{"embeddable":true,"href":"https:\/\/www.emmaducher.com\/blog\/wp-json\/wp\/v2\/comments?post=7585"}],"version-history":[{"count":8,"href":"https:\/\/www.emmaducher.com\/blog\/wp-json\/wp\/v2\/posts\/7585\/revisions"}],"predecessor-version":[{"id":7596,"href":"https:\/\/www.emmaducher.com\/blog\/wp-json\/wp\/v2\/posts\/7585\/revisions\/7596"}],"wp:attachment":[{"href":"https:\/\/www.emmaducher.com\/blog\/wp-json\/wp\/v2\/media?parent=7585"}],"wp:term":[{"taxonomy":"category","embeddable":true,"href":"https:\/\/www.emmaducher.com\/blog\/wp-json\/wp\/v2\/categories?post=7585"},{"taxonomy":"post_tag","embeddable":true,"href":"https:\/\/www.emmaducher.com\/blog\/wp-json\/wp\/v2\/tags?post=7585"}],"curies":[{"name":"wp","href":"https:\/\/api.w.org\/{rel}","templated":true}]}}