 
{"id":7625,"date":"2012-12-07T15:56:03","date_gmt":"2012-12-07T13:56:03","guid":{"rendered":"http:\/\/www.encreviolette.fr\/?p=7625"},"modified":"2012-12-07T15:56:03","modified_gmt":"2012-12-07T13:56:03","slug":"la-fille-la-plus-influencable-du-monde","status":"publish","type":"post","link":"https:\/\/www.emmaducher.com\/blog\/2012\/12\/la-fille-la-plus-influencable-du-monde\/","title":{"rendered":"la fille la plus influen\u00e7able du monde"},"content":{"rendered":"<p>Il fut un temps o\u00f9 je ne jurais que par la couleur moutarde.<br \/>\nOui, (presque) comme tout le monde !<br \/>\nEt puis cette ann\u00e9e, influence oblige, la moutarde s&rsquo;est l\u00e9g\u00e8rement teint\u00e9e.<br \/>\nOui, (presque) comme tout le monde, j&rsquo;ai c\u00e9d\u00e9 \u00e0 la couleur \u00e9cureuil, gold, caramel, sienne, cuivre, fauve, cannelle, appelez l\u00e0 comme vous voulez&#8230;<br \/>\nIl fut un temps o\u00f9 ces couleurs ne faisaient m\u00eame pas partie de mon vocabulaire. C&rsquo;est dire si on est influen\u00e7able.<\/p>\n<p><img loading=\"lazy\" class=\"aligncenter size-full wp-image-7638\" src=\"\/\/www.emmaducher.com\/blog\/wp-content\/uploads\/2012\/12\/caramel1.jpg\" alt=\"\" width=\"500\" height=\"808\" srcset=\"https:\/\/www.emmaducher.com\/blog\/wp-content\/uploads\/2012\/12\/caramel1.jpg 500w, https:\/\/www.emmaducher.com\/blog\/wp-content\/uploads\/2012\/12\/caramel1-186x300.jpg 186w\" sizes=\"(max-width: 500px) 85vw, 500px\" \/><\/p>\n<h5 style=\"text-align: center;\">shoes (<a href=\"http:\/\/www.laurentbourquin.com\/\">Laurent Bourquin<\/a>)<br \/>\nsweat point de croix (<a href=\"http:\/\/leonandharper.com\/accueil\/?lang=fr\">L\u00e9on &amp; Harper<\/a>)<br \/>\nboucles d&rsquo;oreilles (Shlomit Ofir, chez <a href=\"http:\/\/www.un-oiseau-surlabranche.com\/PBCPPlayer.asp?ID=801709\">un oiseau sur la Branche<\/a>, merci Fr\u00e9d\u00e9rique !)<\/h5>\n<p style=\"text-align: center;\"><strong><span style=\"color: #bb8244;\">Comme c&rsquo;est bient\u00f4t No\u00ebl ,<br \/>\navec le code EMMA<br \/>\n-20% chez <a href=\"http:\/\/www.un-oiseau-surlabranche.com\/PBCPPlayer.asp?ID=801709\">un oiseau sur la branche<\/a><\/span><\/strong><strong><span style=\"color: #bb8244;\"><br \/>\n<span style=\"color: #ffffff;\">a<\/span><\/span><\/strong><strong><span style=\"color: #bb8244;\">(encore merci Fr\u00e9d\u00e9rique)<\/span><\/strong><\/p>\n<h5 style=\"text-align: center;\">(et tant qu&rsquo;\u00e0 \u00eatre influen\u00e7able, allons au bout du concept : je tricote en ce moment cette couleur, \u00e9tonnant non ?)<\/h5><\/p>\n","protected":false},"excerpt":{"rendered":"<p>Il fut un temps o\u00f9 je ne jurais que par la couleur moutarde. Oui, (presque) comme tout le monde ! Et puis cette ann\u00e9e, influence oblige, la moutarde s&rsquo;est l\u00e9g\u00e8rement teint\u00e9e. Oui, (presque) comme tout le monde, j&rsquo;ai c\u00e9d\u00e9 \u00e0 la couleur \u00e9cureuil, gold, caramel, sienne, cuivre, fauve, cannelle, appelez l\u00e0 comme vous voulez&#8230; Il &hellip; <a href=\"https:\/\/www.emmaducher.com\/blog\/2012\/12\/la-fille-la-plus-influencable-du-monde\/\" class=\"more-link\">Continuer la lecture<span class=\"screen-reader-text\"> de &laquo;&nbsp;la fille la plus influen\u00e7able du monde&nbsp;&raquo;<\/span><\/a><\/p>\n","protected":false},"author":1,"featured_media":0,"comment_status":"open","ping_status":"open","sticky":false,"template":"","format":"standard","meta":[],"categories":[78],"tags":[],"_links":{"self":[{"href":"https:\/\/www.emmaducher.com\/blog\/wp-json\/wp\/v2\/posts\/7625"}],"collection":[{"href":"https:\/\/www.emmaducher.com\/blog\/wp-json\/wp\/v2\/posts"}],"about":[{"href":"https:\/\/www.emmaducher.com\/blog\/wp-json\/wp\/v2\/types\/post"}],"author":[{"embeddable":true,"href":"https:\/\/www.emmaducher.com\/blog\/wp-json\/wp\/v2\/users\/1"}],"replies":[{"embeddable":true,"href":"https:\/\/www.emmaducher.com\/blog\/wp-json\/wp\/v2\/comments?post=7625"}],"version-history":[{"count":16,"href":"https:\/\/www.emmaducher.com\/blog\/wp-json\/wp\/v2\/posts\/7625\/revisions"}],"predecessor-version":[{"id":7653,"href":"https:\/\/www.emmaducher.com\/blog\/wp-json\/wp\/v2\/posts\/7625\/revisions\/7653"}],"wp:attachment":[{"href":"https:\/\/www.emmaducher.com\/blog\/wp-json\/wp\/v2\/media?parent=7625"}],"wp:term":[{"taxonomy":"category","embeddable":true,"href":"https:\/\/www.emmaducher.com\/blog\/wp-json\/wp\/v2\/categories?post=7625"},{"taxonomy":"post_tag","embeddable":true,"href":"https:\/\/www.emmaducher.com\/blog\/wp-json\/wp\/v2\/tags?post=7625"}],"curies":[{"name":"wp","href":"https:\/\/api.w.org\/{rel}","templated":true}]}}