 
{"id":7654,"date":"2012-12-10T00:28:32","date_gmt":"2012-12-09T22:28:32","guid":{"rendered":"http:\/\/www.encreviolette.fr\/?p=7654"},"modified":"2012-12-10T09:43:35","modified_gmt":"2012-12-10T07:43:35","slug":"fete-des-lumieres-2012","status":"publish","type":"post","link":"https:\/\/www.emmaducher.com\/blog\/2012\/12\/fete-des-lumieres-2012\/","title":{"rendered":"F\u00eate des Lumi\u00e8res 2012"},"content":{"rendered":"<p style=\"text-align: center;\"><a href=\"http:\/\/www.fetedeslumieres.lyon.fr\" target=\"_blank\"><img class=\"aligncenter\" src=\"\/\/www.fetedeslumieres.lyon.fr\/documents\/kit_graphique\/468x60.JPG\" border=\"0\" alt=\"F\u00eate des Lumi\u00e8res - Lyon\" \/><\/a><\/p>\n<h5 style=\"text-align: center;\"><img loading=\"lazy\" class=\"aligncenter size-full wp-image-7655\" src=\"\/\/www.emmaducher.com\/blog\/wp-content\/uploads\/2012\/12\/fdl-1.jpg\" alt=\"\" width=\"500\" height=\"291\" srcset=\"https:\/\/www.emmaducher.com\/blog\/wp-content\/uploads\/2012\/12\/fdl-1.jpg 500w, https:\/\/www.emmaducher.com\/blog\/wp-content\/uploads\/2012\/12\/fdl-1-300x175.jpg 300w\" sizes=\"(max-width: 500px) 85vw, 500px\" \/><\/h5>\n<h5 style=\"text-align: center;\"><a href=\"http:\/\/www.fetedeslumieres.lyon.fr\/Les-installations_2012?affichage=liste#\">le bal des Lumin\u00e9oles <\/a>(mon pr\u00e9f&rsquo; cette ann\u00e9e)<\/h5>\n<p>Encore une belle \u00e9dition de <a href=\"http:\/\/www.fetedeslumieres.lyon.fr\/FR_1_1\">la F\u00eate des Lumi\u00e8res<\/a>.<br \/>\nCette ann\u00e9e, on a vu un bal de Lumin\u00e9oles, des Kokeshis de soie, des ascenseurs \u00e9tranges, une sarabande d&rsquo;animaux magnifiques, un Magic Cube, des flamingos, une immersion abyssale, un corazon d&rsquo;Agatha Ruiz de la Prada, des voli\u00e8res virtuelles, des floating lights, des Anooki, des oriflammes, et tellement d&rsquo;autres choses ! Finalement, la F\u00eate des Lumi\u00e8res devrait durer bien plus que 4 soir\u00e9es, histoire d&rsquo;avoir le temps de tout voir ou revoir.<\/p>\n<p>2 gros coups de coeur cette ann\u00e9e :<\/p>\n<p><a href=\"http:\/\/www.fetedeslumieres.lyon.fr\/Les-installations_2012?affichage=liste#\">le Bal des Lumin\u00e9oles<\/a>, point d&rsquo;effets sp\u00e9ciaux spectaculaires, mais une l\u00e9g\u00e8ret\u00e9, un esth\u00e9tisme et une po\u00e9sie parfaites sur les terrasses de la Guilloti\u00e8re.<br \/>\n<a href=\"http:\/\/www.fetedeslumieres.lyon.fr\/Les-installations_2012?affichage=liste#\">Immersion abyssale<\/a>, sous la voute ouest de la gare de Perrache, permettant d&rsquo;acc\u00e9der au quartier Confluence par une belle animation aquatique dans un endroit pourtant peu propice \u00e0 la ballade !<\/p>\n<p>Un tout petit r\u00e9sum\u00e9 en images&#8230;<\/p>\n<p><img loading=\"lazy\" class=\"aligncenter size-full wp-image-7656\" src=\"\/\/www.emmaducher.com\/blog\/wp-content\/uploads\/2012\/12\/fdl-2.jpg\" alt=\"\" width=\"500\" height=\"5474\" \/><\/p>\n","protected":false},"excerpt":{"rendered":"<p>le bal des Lumin\u00e9oles (mon pr\u00e9f&rsquo; cette ann\u00e9e) Encore une belle \u00e9dition de la F\u00eate des Lumi\u00e8res. Cette ann\u00e9e, on a vu un bal de Lumin\u00e9oles, des Kokeshis de soie, des ascenseurs \u00e9tranges, une sarabande d&rsquo;animaux magnifiques, un Magic Cube, des flamingos, une immersion abyssale, un corazon d&rsquo;Agatha Ruiz de la Prada, des voli\u00e8res virtuelles, &hellip; <a href=\"https:\/\/www.emmaducher.com\/blog\/2012\/12\/fete-des-lumieres-2012\/\" class=\"more-link\">Continuer la lecture<span class=\"screen-reader-text\"> de &laquo;&nbsp;F\u00eate des Lumi\u00e8res 2012&nbsp;&raquo;<\/span><\/a><\/p>\n","protected":false},"author":1,"featured_media":0,"comment_status":"open","ping_status":"open","sticky":false,"template":"","format":"standard","meta":[],"categories":[88],"tags":[],"_links":{"self":[{"href":"https:\/\/www.emmaducher.com\/blog\/wp-json\/wp\/v2\/posts\/7654"}],"collection":[{"href":"https:\/\/www.emmaducher.com\/blog\/wp-json\/wp\/v2\/posts"}],"about":[{"href":"https:\/\/www.emmaducher.com\/blog\/wp-json\/wp\/v2\/types\/post"}],"author":[{"embeddable":true,"href":"https:\/\/www.emmaducher.com\/blog\/wp-json\/wp\/v2\/users\/1"}],"replies":[{"embeddable":true,"href":"https:\/\/www.emmaducher.com\/blog\/wp-json\/wp\/v2\/comments?post=7654"}],"version-history":[{"count":5,"href":"https:\/\/www.emmaducher.com\/blog\/wp-json\/wp\/v2\/posts\/7654\/revisions"}],"predecessor-version":[{"id":7661,"href":"https:\/\/www.emmaducher.com\/blog\/wp-json\/wp\/v2\/posts\/7654\/revisions\/7661"}],"wp:attachment":[{"href":"https:\/\/www.emmaducher.com\/blog\/wp-json\/wp\/v2\/media?parent=7654"}],"wp:term":[{"taxonomy":"category","embeddable":true,"href":"https:\/\/www.emmaducher.com\/blog\/wp-json\/wp\/v2\/categories?post=7654"},{"taxonomy":"post_tag","embeddable":true,"href":"https:\/\/www.emmaducher.com\/blog\/wp-json\/wp\/v2\/tags?post=7654"}],"curies":[{"name":"wp","href":"https:\/\/api.w.org\/{rel}","templated":true}]}}