 
{"id":7662,"date":"2012-12-12T12:29:58","date_gmt":"2012-12-12T10:29:58","guid":{"rendered":"http:\/\/www.encreviolette.fr\/?p=7662"},"modified":"2012-12-12T12:29:58","modified_gmt":"2012-12-12T10:29:58","slug":"nouvelles-cartes-de-voeux","status":"publish","type":"post","link":"https:\/\/www.emmaducher.com\/blog\/2012\/12\/nouvelles-cartes-de-voeux\/","title":{"rendered":"nouvelles cartes de voeux"},"content":{"rendered":"<p>Cette ann\u00e9e, je vous propose en plus <a href=\"http:\/\/www.selonlespointilles.fr\/Categorie\/26\/Nouveaut%C3%A9s\">des cartes de voeux d\u00e9j\u00e0 pr\u00e9sent\u00e9es<\/a>, une s\u00e9rie de cartes de voeux dont tous les b\u00e9n\u00e9fices seront revers\u00e9s \u00e0 l&rsquo;association m\u00e9dicale humanitaire <a href=\"http:\/\/www.medecinsdechinguettipakbeng.fr\/\">Les M\u00e9decins de Chinguetti-Pakbeng<\/a>. C&rsquo;est une s\u00e9rie de 6 double-cartes (10,5 x 10,5 cm) avec les enveloppes assorties. La s\u00e9rie est vendue au prix de 12 euros (hors frais d&rsquo;envoi).<br \/>\n<span style=\"color: #ffffff;\">a<\/span><\/p>\n<p><img loading=\"lazy\" class=\"aligncenter size-full wp-image-7663\" src=\"\/\/www.emmaducher.com\/blog\/wp-content\/uploads\/2012\/12\/dsc_3085.jpg\" alt=\"\" width=\"465\" height=\"310\" srcset=\"https:\/\/www.emmaducher.com\/blog\/wp-content\/uploads\/2012\/12\/dsc_3085.jpg 600w, https:\/\/www.emmaducher.com\/blog\/wp-content\/uploads\/2012\/12\/dsc_3085-300x200.jpg 300w\" sizes=\"(max-width: 465px) 85vw, 465px\" \/><\/p>\n<p style=\"text-align: center;\"><strong>Pour soutenir les M\u00e9decins de Chinguetti-Pakbeng<br \/>\nvous pouvez acheter ces cartes de voeux<br \/>\n<a href=\"http:\/\/www.selonlespointilles.fr\/Produit\/206\/cartes-de-voeux---don\">sur la boutique Selon les Pointill\u00e9s<\/a>,<br \/>\nou <a href=\"http:\/\/www.alvarum.com\/voeuxmedecinsdechinguettipakbeng\">directement par l&rsquo;association<\/a>.<\/strong>\n<\/p>\n<p style=\"text-align: center;\">\n<h4 style=\"text-align: center;\"><span style=\"color: #800080;\">Merci pour eux !<\/span><br \/>\n<span style=\"color: #ffffff;\">a<\/span><\/h4>\n","protected":false},"excerpt":{"rendered":"<p>Cette ann\u00e9e, je vous propose en plus des cartes de voeux d\u00e9j\u00e0 pr\u00e9sent\u00e9es, une s\u00e9rie de cartes de voeux dont tous les b\u00e9n\u00e9fices seront revers\u00e9s \u00e0 l&rsquo;association m\u00e9dicale humanitaire Les M\u00e9decins de Chinguetti-Pakbeng. C&rsquo;est une s\u00e9rie de 6 double-cartes (10,5 x 10,5 cm) avec les enveloppes assorties. La s\u00e9rie est vendue au prix de 12 &hellip; <a href=\"https:\/\/www.emmaducher.com\/blog\/2012\/12\/nouvelles-cartes-de-voeux\/\" class=\"more-link\">Continuer la lecture<span class=\"screen-reader-text\"> de &laquo;&nbsp;nouvelles cartes de voeux&nbsp;&raquo;<\/span><\/a><\/p>\n","protected":false},"author":1,"featured_media":0,"comment_status":"open","ping_status":"open","sticky":false,"template":"","format":"standard","meta":[],"categories":[78,100],"tags":[],"_links":{"self":[{"href":"https:\/\/www.emmaducher.com\/blog\/wp-json\/wp\/v2\/posts\/7662"}],"collection":[{"href":"https:\/\/www.emmaducher.com\/blog\/wp-json\/wp\/v2\/posts"}],"about":[{"href":"https:\/\/www.emmaducher.com\/blog\/wp-json\/wp\/v2\/types\/post"}],"author":[{"embeddable":true,"href":"https:\/\/www.emmaducher.com\/blog\/wp-json\/wp\/v2\/users\/1"}],"replies":[{"embeddable":true,"href":"https:\/\/www.emmaducher.com\/blog\/wp-json\/wp\/v2\/comments?post=7662"}],"version-history":[{"count":3,"href":"https:\/\/www.emmaducher.com\/blog\/wp-json\/wp\/v2\/posts\/7662\/revisions"}],"predecessor-version":[{"id":7666,"href":"https:\/\/www.emmaducher.com\/blog\/wp-json\/wp\/v2\/posts\/7662\/revisions\/7666"}],"wp:attachment":[{"href":"https:\/\/www.emmaducher.com\/blog\/wp-json\/wp\/v2\/media?parent=7662"}],"wp:term":[{"taxonomy":"category","embeddable":true,"href":"https:\/\/www.emmaducher.com\/blog\/wp-json\/wp\/v2\/categories?post=7662"},{"taxonomy":"post_tag","embeddable":true,"href":"https:\/\/www.emmaducher.com\/blog\/wp-json\/wp\/v2\/tags?post=7662"}],"curies":[{"name":"wp","href":"https:\/\/api.w.org\/{rel}","templated":true}]}}