 
{"id":7877,"date":"2013-04-15T08:42:50","date_gmt":"2013-04-15T07:42:50","guid":{"rendered":"http:\/\/www.encreviolette.fr\/?p=7877"},"modified":"2013-04-15T08:42:50","modified_gmt":"2013-04-15T07:42:50","slug":"marche-de-la-mode-vintage-2","status":"publish","type":"post","link":"https:\/\/www.emmaducher.com\/blog\/2013\/04\/marche-de-la-mode-vintage-2\/","title":{"rendered":"March\u00e9 de la Mode Vintage"},"content":{"rendered":"<p>12 \u00e8me \u00e9dition d\u00e9j\u00e0 pour le <a href=\"http:\/\/www.marchemodevintage.com\/\">March\u00e9 de la Mode Vintage<\/a> !<\/p>\n<p><img loading=\"lazy\" class=\"aligncenter size-full wp-image-7886\" src=\"\/\/www.emmaducher.com\/blog\/wp-content\/uploads\/2013\/04\/mmv3.jpg\" alt=\"\" width=\"500\" height=\"1500\" srcset=\"https:\/\/www.emmaducher.com\/blog\/wp-content\/uploads\/2013\/04\/mmv3.jpg 500w, https:\/\/www.emmaducher.com\/blog\/wp-content\/uploads\/2013\/04\/mmv3-100x300.jpg 100w, https:\/\/www.emmaducher.com\/blog\/wp-content\/uploads\/2013\/04\/mmv3-341x1024.jpg 341w\" sizes=\"(max-width: 500px) 85vw, 500px\" \/><\/p>\n<p>Un espace r\u00e9trogaming (flippers, consoles sega &amp; co), des animations de hulahoop, un spectacle de claquettes, un stand pour les enfants anim\u00e9 par Georges,\u00a0 stand de coiffures (des crans, des coques, des mini-vagues \u00e0 gogo), studio photo, une r\u00e9trospective baln\u00e9aire avec des archives de l&rsquo;Officiel, un espace cr\u00e9ateurs, et bien s\u00fbr des v\u00eatements, de la d\u00e9co, des meubles, des accessoires de mode&#8230; 8000 m2 de vintage \u00e0 la Halle Tony Garnier. Une belle ambiance, de beaux stands, des gens look\u00e9s partout, mais j&rsquo;avais pr\u00e9f\u00e9r\u00e9 <a href=\"http:\/\/www.emmaducher.com\/blog\/2012\/06\/marche-de-la-mode-vintage\/\">l&rsquo;espace de l&rsquo;\u00e9dition 2012<\/a>, plus \u00ab\u00a0brut\u00a0\u00bb que la Halle Tony Garnier.<br \/>\n<span style=\"color: #ffffff;\">a<\/span><\/p>\n<p><img loading=\"lazy\" class=\"aligncenter size-full wp-image-7878\" src=\"\/\/www.emmaducher.com\/blog\/wp-content\/uploads\/2013\/04\/mmv-1.jpg\" alt=\"\" width=\"500\" height=\"2530\" srcset=\"https:\/\/www.emmaducher.com\/blog\/wp-content\/uploads\/2013\/04\/mmv-1.jpg 500w, https:\/\/www.emmaducher.com\/blog\/wp-content\/uploads\/2013\/04\/mmv-1-59x300.jpg 59w\" sizes=\"(max-width: 500px) 85vw, 500px\" \/>Ce que les enfants ont pr\u00e9f\u00e9r\u00e9 : sans grande surprise, l&rsquo;atelier couture de l\u00e9gumes en feutrine organis\u00e9 par <a href=\"http:\/\/www.magazinegeorges.com\/\">Georges<\/a> ! Il y en avait pour tous les \u00e2ges puisqu&rsquo;Ernest s&rsquo;est transform\u00e9 en vendeur de l\u00e9gumes.<\/p>\n<p style=\"text-align: center;\"><img loading=\"lazy\" class=\"aligncenter size-full wp-image-7883\" src=\"\/\/www.emmaducher.com\/blog\/wp-content\/uploads\/2013\/04\/mmv21.jpg\" alt=\"\" width=\"500\" height=\"1394\" srcset=\"https:\/\/www.emmaducher.com\/blog\/wp-content\/uploads\/2013\/04\/mmv21.jpg 500w, https:\/\/www.emmaducher.com\/blog\/wp-content\/uploads\/2013\/04\/mmv21-108x300.jpg 108w, https:\/\/www.emmaducher.com\/blog\/wp-content\/uploads\/2013\/04\/mmv21-367x1024.jpg 367w\" sizes=\"(max-width: 500px) 85vw, 500px\" \/><strong><span style=\"color: #ff0000;\">La prochaine \u00e9dition du March\u00e9 de la Mode Vintage, c&rsquo;est le 16 et 17 novembre prochain, \u00e0 noter !<\/span><\/strong><\/p>\n","protected":false},"excerpt":{"rendered":"<p>12 \u00e8me \u00e9dition d\u00e9j\u00e0 pour le March\u00e9 de la Mode Vintage ! Un espace r\u00e9trogaming (flippers, consoles sega &amp; co), des animations de hulahoop, un spectacle de claquettes, un stand pour les enfants anim\u00e9 par Georges,\u00a0 stand de coiffures (des crans, des coques, des mini-vagues \u00e0 gogo), studio photo, une r\u00e9trospective baln\u00e9aire avec des archives &hellip; <a href=\"https:\/\/www.emmaducher.com\/blog\/2013\/04\/marche-de-la-mode-vintage-2\/\" class=\"more-link\">Continuer la lecture<span class=\"screen-reader-text\"> de &laquo;&nbsp;March\u00e9 de la Mode Vintage&nbsp;&raquo;<\/span><\/a><\/p>\n","protected":false},"author":1,"featured_media":0,"comment_status":"open","ping_status":"open","sticky":false,"template":"","format":"standard","meta":[],"categories":[88],"tags":[],"_links":{"self":[{"href":"https:\/\/www.emmaducher.com\/blog\/wp-json\/wp\/v2\/posts\/7877"}],"collection":[{"href":"https:\/\/www.emmaducher.com\/blog\/wp-json\/wp\/v2\/posts"}],"about":[{"href":"https:\/\/www.emmaducher.com\/blog\/wp-json\/wp\/v2\/types\/post"}],"author":[{"embeddable":true,"href":"https:\/\/www.emmaducher.com\/blog\/wp-json\/wp\/v2\/users\/1"}],"replies":[{"embeddable":true,"href":"https:\/\/www.emmaducher.com\/blog\/wp-json\/wp\/v2\/comments?post=7877"}],"version-history":[{"count":10,"href":"https:\/\/www.emmaducher.com\/blog\/wp-json\/wp\/v2\/posts\/7877\/revisions"}],"predecessor-version":[{"id":7891,"href":"https:\/\/www.emmaducher.com\/blog\/wp-json\/wp\/v2\/posts\/7877\/revisions\/7891"}],"wp:attachment":[{"href":"https:\/\/www.emmaducher.com\/blog\/wp-json\/wp\/v2\/media?parent=7877"}],"wp:term":[{"taxonomy":"category","embeddable":true,"href":"https:\/\/www.emmaducher.com\/blog\/wp-json\/wp\/v2\/categories?post=7877"},{"taxonomy":"post_tag","embeddable":true,"href":"https:\/\/www.emmaducher.com\/blog\/wp-json\/wp\/v2\/tags?post=7877"}],"curies":[{"name":"wp","href":"https:\/\/api.w.org\/{rel}","templated":true}]}}