 
{"id":7916,"date":"2013-05-07T09:39:36","date_gmt":"2013-05-07T08:39:36","guid":{"rendered":"http:\/\/www.encreviolette.fr\/?p=7916"},"modified":"2013-05-07T09:45:11","modified_gmt":"2013-05-07T08:45:11","slug":"duo-mere-fille","status":"publish","type":"post","link":"https:\/\/www.emmaducher.com\/blog\/2013\/05\/duo-mere-fille\/","title":{"rendered":"duo m\u00e8re-fille"},"content":{"rendered":"<p>Z\u00e9lie me rappelait il y a quelques temps, avec nostalgie qu&rsquo;il fut un temps o\u00f9 je tricotais avec les restes de laine, le m\u00eame pull pour les poup\u00e9es.<br \/>\n\u00ab\u00a0Mais bon, c&rsquo;\u00e9tait \u00e0 l&rsquo;\u00e9poque \u00e7a&#8230;\u00a0\u00bb concluait elle.<\/p>\n<p>A l&rsquo;\u00e9poque ? mais l&rsquo;\u00e9poque n&rsquo;est pas si lointaine, et puis elle a r\u00e9clam\u00e9 une poup\u00e9e pour ses 8 ans, alors j&rsquo;ai repris la bonne habitude du tricot fille\/poup\u00e9e. Sa nouvelle poup\u00e9e Chiara porte maintenant <a href=\"http:\/\/www.emmaducher.com\/blog\/2013\/02\/des-torsades-a-la-cannelle\/\">le m\u00eame pull.<br \/>\n<\/a><\/p>\n<p><img loading=\"lazy\" class=\"aligncenter size-full wp-image-7922\" src=\"\/\/www.emmaducher.com\/blog\/wp-content\/uploads\/2013\/05\/zelie2.jpg\" alt=\"\" width=\"500\" height=\"700\" srcset=\"https:\/\/www.emmaducher.com\/blog\/wp-content\/uploads\/2013\/05\/zelie2.jpg 500w, https:\/\/www.emmaducher.com\/blog\/wp-content\/uploads\/2013\/05\/zelie2-214x300.jpg 214w\" sizes=\"(max-width: 500px) 85vw, 500px\" \/><img loading=\"lazy\" class=\"aligncenter size-full wp-image-7923\" src=\"\/\/www.emmaducher.com\/blog\/wp-content\/uploads\/2013\/05\/zelie11.jpg\" alt=\"\" width=\"500\" height=\"1624\" srcset=\"https:\/\/www.emmaducher.com\/blog\/wp-content\/uploads\/2013\/05\/zelie11.jpg 500w, https:\/\/www.emmaducher.com\/blog\/wp-content\/uploads\/2013\/05\/zelie11-92x300.jpg 92w, https:\/\/www.emmaducher.com\/blog\/wp-content\/uploads\/2013\/05\/zelie11-315x1024.jpg 315w\" sizes=\"(max-width: 500px) 85vw, 500px\" \/><\/p>\n<h5 style=\"text-align: center;\">Chiara : poup\u00e9e <a href=\"http:\/\/happytoseeyou.fr\/\">Happy to see you<\/a><br \/>\nle pull de Chiara est tricot\u00e9 en simple fil de surnaturelle en 3,5 (40 m pour le devant, pour le dos et pour chaque manches et torsades du pull enfant <a href=\"http:\/\/tricots-de-la-droguerie.fr\/\">Clairvaux les Lacs<\/a>)<\/h5>\n<h5 style=\"text-align: center;\"><span style=\"color: #ffffff;\">a<\/span><\/h5>\n<p style=\"text-align: center;\">Oui oui, on a eu plut\u00f4t un chouette temps (bien qu&rsquo;un peu frisquet) dans le Finist\u00e8re pendant les vacances !<\/p>\n","protected":false},"excerpt":{"rendered":"<p>Z\u00e9lie me rappelait il y a quelques temps, avec nostalgie qu&rsquo;il fut un temps o\u00f9 je tricotais avec les restes de laine, le m\u00eame pull pour les poup\u00e9es. \u00ab\u00a0Mais bon, c&rsquo;\u00e9tait \u00e0 l&rsquo;\u00e9poque \u00e7a&#8230;\u00a0\u00bb concluait elle. A l&rsquo;\u00e9poque ? mais l&rsquo;\u00e9poque n&rsquo;est pas si lointaine, et puis elle a r\u00e9clam\u00e9 une poup\u00e9e pour ses 8 &hellip; <a href=\"https:\/\/www.emmaducher.com\/blog\/2013\/05\/duo-mere-fille\/\" class=\"more-link\">Continuer la lecture<span class=\"screen-reader-text\"> de &laquo;&nbsp;duo m\u00e8re-fille&nbsp;&raquo;<\/span><\/a><\/p>\n","protected":false},"author":1,"featured_media":0,"comment_status":"open","ping_status":"open","sticky":false,"template":"","format":"standard","meta":[],"categories":[70,89],"tags":[],"_links":{"self":[{"href":"https:\/\/www.emmaducher.com\/blog\/wp-json\/wp\/v2\/posts\/7916"}],"collection":[{"href":"https:\/\/www.emmaducher.com\/blog\/wp-json\/wp\/v2\/posts"}],"about":[{"href":"https:\/\/www.emmaducher.com\/blog\/wp-json\/wp\/v2\/types\/post"}],"author":[{"embeddable":true,"href":"https:\/\/www.emmaducher.com\/blog\/wp-json\/wp\/v2\/users\/1"}],"replies":[{"embeddable":true,"href":"https:\/\/www.emmaducher.com\/blog\/wp-json\/wp\/v2\/comments?post=7916"}],"version-history":[{"count":7,"href":"https:\/\/www.emmaducher.com\/blog\/wp-json\/wp\/v2\/posts\/7916\/revisions"}],"predecessor-version":[{"id":7921,"href":"https:\/\/www.emmaducher.com\/blog\/wp-json\/wp\/v2\/posts\/7916\/revisions\/7921"}],"wp:attachment":[{"href":"https:\/\/www.emmaducher.com\/blog\/wp-json\/wp\/v2\/media?parent=7916"}],"wp:term":[{"taxonomy":"category","embeddable":true,"href":"https:\/\/www.emmaducher.com\/blog\/wp-json\/wp\/v2\/categories?post=7916"},{"taxonomy":"post_tag","embeddable":true,"href":"https:\/\/www.emmaducher.com\/blog\/wp-json\/wp\/v2\/tags?post=7916"}],"curies":[{"name":"wp","href":"https:\/\/api.w.org\/{rel}","templated":true}]}}