 
{"id":8047,"date":"2013-06-30T20:00:18","date_gmt":"2013-06-30T19:00:18","guid":{"rendered":"http:\/\/www.encreviolette.fr\/?p=8047"},"modified":"2016-03-11T23:22:04","modified_gmt":"2016-03-11T22:22:04","slug":"dans-les-arbres-et-sous-le-soleil","status":"publish","type":"post","link":"https:\/\/www.emmaducher.com\/blog\/2013\/06\/dans-les-arbres-et-sous-le-soleil\/","title":{"rendered":"dans les arbres -et sous le soleil-"},"content":{"rendered":"<p>Quand m\u00eame on a eu quelques belles journ\u00e9es ensoleill\u00e9es, comme aujourd&rsquo;hui par exemple. Pas beaucoup, certes. Du coup, il fallait la jouer finement pour tomber sur LE moment id\u00e9al pour une apr\u00e8s-midi dans les arbres.<br \/>\nCette journ\u00e9e a exist\u00e9 en juin, si si, c&rsquo;\u00e9tait il y a 2 semaines.<br \/>\nOn (enfin, pas moi : je prenais les photos) a test\u00e9 le <a href=\"http:\/\/www.montciel-aventure.com\/accueil-3-14.htm\">parcours Aventure de la Bresse<\/a>, \u00e0 Saint-Etienne du Bois, \u00e0 c\u00f4t\u00e9 de Bourg-en-Bresse.<br \/>\n<img loading=\"lazy\" class=\"aligncenter size-full wp-image-8048\" src=\"\/\/www.emmaducher.com\/blog\/wp-content\/uploads\/2013\/06\/accrobranche-ernest.jpg\" alt=\"\" width=\"500\" height=\"3387\" srcset=\"https:\/\/www.emmaducher.com\/blog\/wp-content\/uploads\/2013\/06\/accrobranche-ernest.jpg 500w, https:\/\/www.emmaducher.com\/blog\/wp-content\/uploads\/2013\/06\/accrobranche-ernest-151x1024.jpg 151w\" sizes=\"(max-width: 500px) 85vw, 500px\" \/>8 parcours d&rsquo;accrobranche, avec la bonne id\u00e9e de proposer un parcours kid (4\/5 ans) et \u00e9galement un parcours pour les 3\/4 ans : le parcours Ecureuil, tout nouveau sur le site, qui ne n\u00e9cessite pas l&rsquo;utilisation de mousquetons. Ernest a donc inaugur\u00e9 le parcours Ecureuil tout neuf avec grand plaisir ! Il a test\u00e9 aussi le parcours Kid, au ras du sol, pour tester la pratique du mousqueton.<br \/>\nPour les plus grands les parcours sont bien complets avec des tyroliennes troooop classes (dixit Violette).<br \/>\nMais comme elle n&rsquo;a pas pu aller jusqu&rsquo;au parcours noir, on devra revenir !<\/p>\n<h5 style=\"text-align: center;\"><img loading=\"lazy\" class=\"aligncenter size-full wp-image-8049\" src=\"\/\/www.emmaducher.com\/blog\/wp-content\/uploads\/2013\/06\/accrobranche-2.jpg\" alt=\"\" width=\"500\" height=\"3044\" srcset=\"https:\/\/www.emmaducher.com\/blog\/wp-content\/uploads\/2013\/06\/accrobranche-2.jpg 500w, https:\/\/www.emmaducher.com\/blog\/wp-content\/uploads\/2013\/06\/accrobranche-2-168x1024.jpg 168w\" sizes=\"(max-width: 500px) 85vw, 500px\" \/>Un grand merci \u00e0 <a href=\"http:\/\/www.montciel-aventure.com\/les-activites-3-3.htm\">Pierre<\/a> pour son accueil et sa disponibilit\u00e9 !<\/h5>\n<p style=\"text-align: center;\">\n","protected":false},"excerpt":{"rendered":"<p>Quand m\u00eame on a eu quelques belles journ\u00e9es ensoleill\u00e9es, comme aujourd&rsquo;hui par exemple. Pas beaucoup, certes. Du coup, il fallait la jouer finement pour tomber sur LE moment id\u00e9al pour une apr\u00e8s-midi dans les arbres. Cette journ\u00e9e a exist\u00e9 en juin, si si, c&rsquo;\u00e9tait il y a 2 semaines. On (enfin, pas moi : je &hellip; <a href=\"https:\/\/www.emmaducher.com\/blog\/2013\/06\/dans-les-arbres-et-sous-le-soleil\/\" class=\"more-link\">Continuer la lecture<span class=\"screen-reader-text\"> de &laquo;&nbsp;dans les arbres -et sous le soleil-&nbsp;&raquo;<\/span><\/a><\/p>\n","protected":false},"author":1,"featured_media":10206,"comment_status":"open","ping_status":"open","sticky":false,"template":"","format":"standard","meta":[],"categories":[83],"tags":[108],"_links":{"self":[{"href":"https:\/\/www.emmaducher.com\/blog\/wp-json\/wp\/v2\/posts\/8047"}],"collection":[{"href":"https:\/\/www.emmaducher.com\/blog\/wp-json\/wp\/v2\/posts"}],"about":[{"href":"https:\/\/www.emmaducher.com\/blog\/wp-json\/wp\/v2\/types\/post"}],"author":[{"embeddable":true,"href":"https:\/\/www.emmaducher.com\/blog\/wp-json\/wp\/v2\/users\/1"}],"replies":[{"embeddable":true,"href":"https:\/\/www.emmaducher.com\/blog\/wp-json\/wp\/v2\/comments?post=8047"}],"version-history":[{"count":10,"href":"https:\/\/www.emmaducher.com\/blog\/wp-json\/wp\/v2\/posts\/8047\/revisions"}],"predecessor-version":[{"id":10207,"href":"https:\/\/www.emmaducher.com\/blog\/wp-json\/wp\/v2\/posts\/8047\/revisions\/10207"}],"wp:featuredmedia":[{"embeddable":true,"href":"https:\/\/www.emmaducher.com\/blog\/wp-json\/wp\/v2\/media\/10206"}],"wp:attachment":[{"href":"https:\/\/www.emmaducher.com\/blog\/wp-json\/wp\/v2\/media?parent=8047"}],"wp:term":[{"taxonomy":"category","embeddable":true,"href":"https:\/\/www.emmaducher.com\/blog\/wp-json\/wp\/v2\/categories?post=8047"},{"taxonomy":"post_tag","embeddable":true,"href":"https:\/\/www.emmaducher.com\/blog\/wp-json\/wp\/v2\/tags?post=8047"}],"curies":[{"name":"wp","href":"https:\/\/api.w.org\/{rel}","templated":true}]}}