 
{"id":8135,"date":"2013-09-10T00:05:47","date_gmt":"2013-09-09T23:05:47","guid":{"rendered":"http:\/\/www.encreviolette.fr\/?p=8135"},"modified":"2013-09-10T06:17:05","modified_gmt":"2013-09-10T05:17:05","slug":"calendrier-des-thes-edition-2013","status":"publish","type":"post","link":"https:\/\/www.emmaducher.com\/blog\/2013\/09\/calendrier-des-thes-edition-2013\/","title":{"rendered":"Calendrier des Th\u00e9s -\u00e9dition 2013-"},"content":{"rendered":"<p>Compl\u00e8tement, parfaitement, incroyablement organis\u00e9es.<br \/>\nCette ann\u00e9e, avec <a href=\"http:\/\/2clics.blogspot.fr\/\">Sarah<\/a> et <a href=\"http:\/\/eliottcerise.canalblog.com\/\">Estelle<\/a>, on est pr\u00eates -ou presque-.<br \/>\nL&rsquo;Avent peut bien arriver, <a href=\"http:\/\/www.calendrierdesthes.fr\/\">le Calendrier des Th\u00e9s 2013<\/a> est cal\u00e9, fix\u00e9, d\u00e9cid\u00e9.<\/p>\n<p>D\u00e8s aujourd&rsquo;hui, <a href=\"http:\/\/www.calendrierdesthes.fr\/\">le compte \u00e0 rebours<\/a> est mis en place, le jour de la vente de Calendrier des Th\u00e9s est choisie.<br \/>\nCette ann\u00e9e encore on vous r\u00e9serve de jolies surprises. Ce qui ne change pas c&rsquo;est qu&rsquo;il y aura encore -comme les 2 ann\u00e9es pr\u00e9c\u00e9dentes- une belle s\u00e9lection de 24 th\u00e9s (<a href=\"http:\/\/lepartiduthe-xrousse.blogspot.fr\/\">le Parti du Th\u00e9<\/a>) \u00e0 d\u00e9guster du 1er d\u00e9cembre au 24 d\u00e9cembre 2013.<\/p>\n<p><a href=\"http:\/\/www.calendrierdesthes.fr\/\"><img loading=\"lazy\" class=\"aligncenter size-full wp-image-8139\" src=\"\/\/www.emmaducher.com\/blog\/wp-content\/uploads\/2013\/09\/logo-blog1.jpg\" alt=\"\" width=\"499\" height=\"298\" srcset=\"https:\/\/www.emmaducher.com\/blog\/wp-content\/uploads\/2013\/09\/logo-blog1.jpg 1042w, https:\/\/www.emmaducher.com\/blog\/wp-content\/uploads\/2013\/09\/logo-blog1-300x180.jpg 300w, https:\/\/www.emmaducher.com\/blog\/wp-content\/uploads\/2013\/09\/logo-blog1-700x419.jpg 700w\" sizes=\"(max-width: 499px) 85vw, 499px\" \/><\/a><\/p>\n<p style=\"text-align: center;\"><strong>N&rsquo;h\u00e9sitez pas \u00e0 nous suivre via la <a href=\"http:\/\/blogspot.us6.list-manage.com\/subscribe?u=bea59a68a036a92eae2b045fe&amp;id=b1846bc4e7\">newsletter<\/a>, <a href=\"https:\/\/www.facebook.com\/calendrierdesthes2013\">facebook<\/a> ou <a href=\"http:\/\/instagram.com\/calendrierdesthes#\">instagram<\/a> !<\/strong><\/p>\n","protected":false},"excerpt":{"rendered":"<p>Compl\u00e8tement, parfaitement, incroyablement organis\u00e9es. Cette ann\u00e9e, avec Sarah et Estelle, on est pr\u00eates -ou presque-. L&rsquo;Avent peut bien arriver, le Calendrier des Th\u00e9s 2013 est cal\u00e9, fix\u00e9, d\u00e9cid\u00e9. D\u00e8s aujourd&rsquo;hui, le compte \u00e0 rebours est mis en place, le jour de la vente de Calendrier des Th\u00e9s est choisie. Cette ann\u00e9e encore on vous r\u00e9serve &hellip; <a href=\"https:\/\/www.emmaducher.com\/blog\/2013\/09\/calendrier-des-thes-edition-2013\/\" class=\"more-link\">Continuer la lecture<span class=\"screen-reader-text\"> de &laquo;&nbsp;Calendrier des Th\u00e9s -\u00e9dition 2013-&nbsp;&raquo;<\/span><\/a><\/p>\n","protected":false},"author":1,"featured_media":0,"comment_status":"open","ping_status":"open","sticky":false,"template":"","format":"standard","meta":[],"categories":[78,81],"tags":[],"_links":{"self":[{"href":"https:\/\/www.emmaducher.com\/blog\/wp-json\/wp\/v2\/posts\/8135"}],"collection":[{"href":"https:\/\/www.emmaducher.com\/blog\/wp-json\/wp\/v2\/posts"}],"about":[{"href":"https:\/\/www.emmaducher.com\/blog\/wp-json\/wp\/v2\/types\/post"}],"author":[{"embeddable":true,"href":"https:\/\/www.emmaducher.com\/blog\/wp-json\/wp\/v2\/users\/1"}],"replies":[{"embeddable":true,"href":"https:\/\/www.emmaducher.com\/blog\/wp-json\/wp\/v2\/comments?post=8135"}],"version-history":[{"count":15,"href":"https:\/\/www.emmaducher.com\/blog\/wp-json\/wp\/v2\/posts\/8135\/revisions"}],"predecessor-version":[{"id":8154,"href":"https:\/\/www.emmaducher.com\/blog\/wp-json\/wp\/v2\/posts\/8135\/revisions\/8154"}],"wp:attachment":[{"href":"https:\/\/www.emmaducher.com\/blog\/wp-json\/wp\/v2\/media?parent=8135"}],"wp:term":[{"taxonomy":"category","embeddable":true,"href":"https:\/\/www.emmaducher.com\/blog\/wp-json\/wp\/v2\/categories?post=8135"},{"taxonomy":"post_tag","embeddable":true,"href":"https:\/\/www.emmaducher.com\/blog\/wp-json\/wp\/v2\/tags?post=8135"}],"curies":[{"name":"wp","href":"https:\/\/api.w.org\/{rel}","templated":true}]}}