 
{"id":8347,"date":"2013-11-12T01:33:00","date_gmt":"2013-11-12T00:33:00","guid":{"rendered":"http:\/\/www.encreviolette.fr\/?p=8347"},"modified":"2016-03-11T23:00:05","modified_gmt":"2016-03-11T22:00:05","slug":"calendrier-des-thes-2013","status":"publish","type":"post","link":"https:\/\/www.emmaducher.com\/blog\/2013\/11\/calendrier-des-thes-2013\/","title":{"rendered":"Calendrier des Th\u00e9s 2013"},"content":{"rendered":"<p>Tadam&#8230; !<br \/>\n<a href=\"http:\/\/www.calendrierdesthes.fr\/\">la boutique en ligne<\/a> est pr\u00eate et ouvrira demain, mercredi 13 novembre \u00e0 7h.<br \/>\nCette ann\u00e9e, on a vu les choses en grand : nous avons fabriqu\u00e9 1000 boites, soit 24 000 sachets de th\u00e9 \u00e0 \u00e9tiqueter, emballer, compter, mettre en place &#8230;<\/p>\n<p><!--more--><\/p>\n<div id=\"cgv\">Pour cette \u00e9dition, nous avons imagin\u00e9 une bo\u00eete en bois \u00e9voquant celles des cargaisons de th\u00e9s et d\u2019\u00e9pices venus de pays lointains. Vous pourrez la conserver et la r\u00e9utiliser.<br \/>\nDans la m\u00eame id\u00e9e, le logo tamponn\u00e9 vous guidera tous les jours avant No\u00ebl.<br \/>\nL\u2019\u00e9crin renferme 24 th\u00e9s diff\u00e9rents : vingt-quatre th\u00e9s de qualit\u00e9, des noirs, des bleus, des verts et des rouges, des natures ou parfum\u00e9s, des infusions&#8230; venus des 4 coins du monde, et s\u00e9lectionn\u00e9s par Le Parti du Th\u00e9 (Lyon, Croix-Rousse).<br \/>\nChaque th\u00e9 se trouve dans un petit sachet num\u00e9rot\u00e9, \u00e0 mettre directement dans votre tasse \u00e0 partir du 1er d\u00e9cembre (avec une surprise le 24).<br \/>\nNous esp\u00e9rons que cette s\u00e9lection 2013 vous plaira et que vous ferez de belles d\u00e9couvertes. N\u2019h\u00e9sitez pas \u00e0 conserver les \u00e9tiquettes grand format pour y noter vos appr\u00e9ciations, de 1 \u00e0 5 \u00e9toiles, on les a con\u00e7ues pour \u00e7a !<\/div>\n<div>Et comme l&rsquo;ann\u00e9e derni\u00e8re, 5 tickets d&rsquo;or ont \u00e9t\u00e9 gliss\u00e9s parmi ces 1000 boites.<\/div>\n<div>Sur la boutique en ligne, nous avons imagin\u00e9 des produits associ\u00e9s au Calendrier des Th\u00e9s : des aimants, des cartes postales, une affiche de l&rsquo;Avent, des tote bags s\u00e9rigraphi\u00e9s, des \u00ab\u00a0bons pour\u00a0\u00bb et des calendriers de l&rsquo;Avent en kit, \u00e0 remplir selon vos envies.<\/div>\n<div><img loading=\"lazy\" class=\"aligncenter size-large wp-image-8348\" src=\"\/\/www.emmaducher.com\/blog\/wp-content\/uploads\/2013\/11\/dsc_0162-1024x680.jpg\" alt=\"\" width=\"501\" height=\"332\" \/><img loading=\"lazy\" class=\"aligncenter size-large wp-image-8349\" title=\"dsc_0142\" src=\"\/\/www.emmaducher.com\/blog\/wp-content\/uploads\/2013\/11\/dsc_0142-680x1024.jpg\" alt=\"dsc_0142\" width=\"500\" height=\"753\" srcset=\"https:\/\/www.emmaducher.com\/blog\/wp-content\/uploads\/2013\/11\/dsc_0142-680x1024.jpg 680w, https:\/\/www.emmaducher.com\/blog\/wp-content\/uploads\/2013\/11\/dsc_0142-199x300.jpg 199w, https:\/\/www.emmaducher.com\/blog\/wp-content\/uploads\/2013\/11\/dsc_0142-1200x1807.jpg 1200w\" sizes=\"(max-width: 500px) 85vw, 500px\" \/><\/div>\n<div><img loading=\"lazy\" class=\"aligncenter size-large wp-image-8350\" title=\"dsc_0113\" src=\"\/\/www.emmaducher.com\/blog\/wp-content\/uploads\/2013\/11\/dsc_0113-1024x680.jpg\" alt=\"dsc_0113\" width=\"499\" height=\"330\" \/><\/div>\n<div><img loading=\"lazy\" class=\"aligncenter size-large wp-image-8351\" src=\"\/\/www.emmaducher.com\/blog\/wp-content\/uploads\/2013\/11\/dsc_0748-1024x1024.jpg\" alt=\"\" width=\"499\" height=\"499\" \/><\/div>\n<div><img loading=\"lazy\" class=\"aligncenter size-large wp-image-8353\" src=\"\/\/www.emmaducher.com\/blog\/wp-content\/uploads\/2013\/11\/dsc_0897-1024x1023.jpg\" alt=\"\" width=\"500\" height=\"500\" \/><\/div>\n<div><img loading=\"lazy\" class=\"aligncenter size-large wp-image-8354\" src=\"\/\/www.emmaducher.com\/blog\/wp-content\/uploads\/2013\/11\/dsc_0983-680x1024.jpg\" alt=\"\" width=\"498\" height=\"750\" srcset=\"https:\/\/www.emmaducher.com\/blog\/wp-content\/uploads\/2013\/11\/dsc_0983-680x1024.jpg 680w, https:\/\/www.emmaducher.com\/blog\/wp-content\/uploads\/2013\/11\/dsc_0983-199x300.jpg 199w, https:\/\/www.emmaducher.com\/blog\/wp-content\/uploads\/2013\/11\/dsc_0983-1200x1807.jpg 1200w\" sizes=\"(max-width: 498px) 85vw, 498px\" \/><\/div>\n<div style=\"text-align: center;\"><img loading=\"lazy\" class=\"aligncenter size-large wp-image-8355\" src=\"\/\/www.emmaducher.com\/blog\/wp-content\/uploads\/2013\/11\/dsc_01131-1024x680.jpg\" alt=\"\" width=\"500\" height=\"332\" \/><br \/>\nphotos : <a href=\"http:\/\/milkandpaper.bigcartel.com\/\">Milk &amp; Paper<\/a><\/p>\n<div class=\"MsoNormal\" style=\"text-align: left;\"><span style=\"text-decoration: underline;\">Infos pratiques<\/span><\/div>\n<p style=\"text-align: left;\">Le Calendrier est vendu au prix de 27,90\u20ac d\u00e8s ce mercredi 13 novembre 7 heures.<br \/>\nUne seule adresse o\u00f9 le trouver, avec les produits associ\u00e9s qu&rsquo;on a imagin\u00e9s :<br \/>\n<a href=\"http:\/\/www.calendrierdesthes.fr\/\">www.calendrierdesthes.fr<\/a><\/p>\n<p style=\"text-align: left;\"><span style=\"text-decoration: underline;\">Infos livraisons<\/span><br \/>\nplusieurs possibilit\u00e9s<br \/>\n&#8211; envoi en France et \u00e0 l&rsquo;international.<br \/>\n&#8211; envoi cadeau possible, avec ajout d&rsquo;un petit mot personnalis\u00e9 que vous indiquez en fin de commande.<br \/>\n&#8211; retrait \u00e0 Lyon (donc pas de frais de port) uniquement le samedi 23 novembre lors de l&rsquo;\u00e9v\u00e9nement \u00ab\u00a0vous \u00eates ici\u00a0\u00bb dont on reparlera tr\u00e8s vite ici (\u00e7a se passera pr\u00e8s de la place Bellecour, de 13h \u00e0 20h avec d&rsquo;autres cr\u00e9atrices).<br \/>\n&#8211; retrait \u00e0 Nantes (donc pas de frais de port), le 20 novembre chez Milk &amp; Paper.<\/p>\n<\/div>\n<div style=\"text-align: center;\"><span style=\"color: #b76548;\"><strong>A demain !<\/strong><\/span><\/div>\n","protected":false},"excerpt":{"rendered":"<p>Tadam&#8230; ! la boutique en ligne est pr\u00eate et ouvrira demain, mercredi 13 novembre \u00e0 7h. Cette ann\u00e9e, on a vu les choses en grand : nous avons fabriqu\u00e9 1000 boites, soit 24 000 sachets de th\u00e9 \u00e0 \u00e9tiqueter, emballer, compter, mettre en place &#8230;<\/p>\n","protected":false},"author":1,"featured_media":10186,"comment_status":"open","ping_status":"open","sticky":false,"template":"","format":"standard","meta":[],"categories":[78],"tags":[112],"_links":{"self":[{"href":"https:\/\/www.emmaducher.com\/blog\/wp-json\/wp\/v2\/posts\/8347"}],"collection":[{"href":"https:\/\/www.emmaducher.com\/blog\/wp-json\/wp\/v2\/posts"}],"about":[{"href":"https:\/\/www.emmaducher.com\/blog\/wp-json\/wp\/v2\/types\/post"}],"author":[{"embeddable":true,"href":"https:\/\/www.emmaducher.com\/blog\/wp-json\/wp\/v2\/users\/1"}],"replies":[{"embeddable":true,"href":"https:\/\/www.emmaducher.com\/blog\/wp-json\/wp\/v2\/comments?post=8347"}],"version-history":[{"count":6,"href":"https:\/\/www.emmaducher.com\/blog\/wp-json\/wp\/v2\/posts\/8347\/revisions"}],"predecessor-version":[{"id":10187,"href":"https:\/\/www.emmaducher.com\/blog\/wp-json\/wp\/v2\/posts\/8347\/revisions\/10187"}],"wp:featuredmedia":[{"embeddable":true,"href":"https:\/\/www.emmaducher.com\/blog\/wp-json\/wp\/v2\/media\/10186"}],"wp:attachment":[{"href":"https:\/\/www.emmaducher.com\/blog\/wp-json\/wp\/v2\/media?parent=8347"}],"wp:term":[{"taxonomy":"category","embeddable":true,"href":"https:\/\/www.emmaducher.com\/blog\/wp-json\/wp\/v2\/categories?post=8347"},{"taxonomy":"post_tag","embeddable":true,"href":"https:\/\/www.emmaducher.com\/blog\/wp-json\/wp\/v2\/tags?post=8347"}],"curies":[{"name":"wp","href":"https:\/\/api.w.org\/{rel}","templated":true}]}}