 
{"id":8812,"date":"2014-08-27T17:49:05","date_gmt":"2014-08-27T16:49:05","guid":{"rendered":"http:\/\/www.encreviolette.fr\/?p=8812"},"modified":"2016-03-13T09:15:07","modified_gmt":"2016-03-13T08:15:07","slug":"les-chouettes","status":"publish","type":"post","link":"https:\/\/www.emmaducher.com\/blog\/2014\/08\/les-chouettes\/","title":{"rendered":"les chouettes !"},"content":{"rendered":"<p>Je poursuis mes devoirs de vacances. Avec cette fois, les petites chouettes du livre de Sandrine, que j&rsquo;ai commenc\u00e9es d\u00e8s que <a href=\"http:\/\/www.abracadacraft.com\/produit\/tendre-crochet-14805\">le livre<\/a> est sorti (soit depuis 5 mois).<br \/>\nEt tant qu&rsquo;\u00e0 faire, j&rsquo;en avais pr\u00e9vu 4.<br \/>\nIl me restait \u00e0 faire toutes les finitions, coutures, assemblages pendant les vacances. Quelle id\u00e9e d&rsquo;avoir laiss\u00e9 ces mini-chouettes dans un coin pendant tout ce temps, en une soir\u00e9e c&rsquo;\u00e9tait boucl\u00e9 !<\/p>\n<p><img loading=\"lazy\" class=\"aligncenter size-full wp-image-8813\" src=\"\/\/www.emmaducher.com\/blog\/wp-content\/uploads\/2014\/08\/chouettes.jpg\" alt=\"\" width=\"700\" height=\"3506\" srcset=\"https:\/\/www.emmaducher.com\/blog\/wp-content\/uploads\/2014\/08\/chouettes.jpg 700w, https:\/\/www.emmaducher.com\/blog\/wp-content\/uploads\/2014\/08\/chouettes-60x300.jpg 60w\" sizes=\"(max-width: 709px) 85vw, (max-width: 909px) 67vw, (max-width: 984px) 61vw, (max-width: 1362px) 45vw, 600px\" \/><\/p>\n<h5 style=\"text-align: center;\">fils de coton <a href=\"http:\/\/www.boutique-dmc.fr\/natura-just-cotton-art302-1224.html\">Natura de DMC<br \/>\n<\/a>livre <a href=\"http:\/\/www.abracadacraft.com\/produit\/tendre-crochet-14805\">Tendre Crochet<\/a> de\u00a0Tournicote&#8230; \u00e0 cloche-pied<br \/>\n<img loading=\"lazy\" class=\"aligncenter size-full wp-image-8815\" src=\"\/\/www.emmaducher.com\/blog\/wp-content\/uploads\/2014\/08\/capture-de28099ecc81cran-2014-08-27-acc80-184111.png\" alt=\"\" width=\"196\" height=\"254\" \/><br \/>\net mon \u00e9tag\u00e8re ador\u00e9e <a href=\"http:\/\/misterwood.bigcartel.com\/product\/in-the-wood-small\">\u00ab\u00a0In the Wood\u00a0\u00bb chez Mister Wood <\/a><\/h5>\n<p>Je tiens mon d\u00e9fi, je n&rsquo;ai toujours pas rachet\u00e9 de fils.<br \/>\nEncore quelques ouvrages-d\u00e9fis-challenges et je pourrai me r\u00e9approvisionner !<br \/>\nJe tiens bon.<\/p>\n","protected":false},"excerpt":{"rendered":"<p>Je poursuis mes devoirs de vacances. Avec cette fois, les petites chouettes du livre de Sandrine, que j&rsquo;ai commenc\u00e9es d\u00e8s que le livre est sorti (soit depuis 5 mois). Et tant qu&rsquo;\u00e0 faire, j&rsquo;en avais pr\u00e9vu 4. Il me restait \u00e0 faire toutes les finitions, coutures, assemblages pendant les vacances. Quelle id\u00e9e d&rsquo;avoir laiss\u00e9 ces &hellip; <a href=\"https:\/\/www.emmaducher.com\/blog\/2014\/08\/les-chouettes\/\" class=\"more-link\">Continuer la lecture<span class=\"screen-reader-text\"> de &laquo;&nbsp;les chouettes !&nbsp;&raquo;<\/span><\/a><\/p>\n","protected":false},"author":1,"featured_media":8813,"comment_status":"open","ping_status":"open","sticky":false,"template":"","format":"standard","meta":[],"categories":[70],"tags":[113],"_links":{"self":[{"href":"https:\/\/www.emmaducher.com\/blog\/wp-json\/wp\/v2\/posts\/8812"}],"collection":[{"href":"https:\/\/www.emmaducher.com\/blog\/wp-json\/wp\/v2\/posts"}],"about":[{"href":"https:\/\/www.emmaducher.com\/blog\/wp-json\/wp\/v2\/types\/post"}],"author":[{"embeddable":true,"href":"https:\/\/www.emmaducher.com\/blog\/wp-json\/wp\/v2\/users\/1"}],"replies":[{"embeddable":true,"href":"https:\/\/www.emmaducher.com\/blog\/wp-json\/wp\/v2\/comments?post=8812"}],"version-history":[{"count":10,"href":"https:\/\/www.emmaducher.com\/blog\/wp-json\/wp\/v2\/posts\/8812\/revisions"}],"predecessor-version":[{"id":10157,"href":"https:\/\/www.emmaducher.com\/blog\/wp-json\/wp\/v2\/posts\/8812\/revisions\/10157"}],"wp:featuredmedia":[{"embeddable":true,"href":"https:\/\/www.emmaducher.com\/blog\/wp-json\/wp\/v2\/media\/8813"}],"wp:attachment":[{"href":"https:\/\/www.emmaducher.com\/blog\/wp-json\/wp\/v2\/media?parent=8812"}],"wp:term":[{"taxonomy":"category","embeddable":true,"href":"https:\/\/www.emmaducher.com\/blog\/wp-json\/wp\/v2\/categories?post=8812"},{"taxonomy":"post_tag","embeddable":true,"href":"https:\/\/www.emmaducher.com\/blog\/wp-json\/wp\/v2\/tags?post=8812"}],"curies":[{"name":"wp","href":"https:\/\/api.w.org\/{rel}","templated":true}]}}