 
{"id":8974,"date":"2014-11-14T16:30:11","date_gmt":"2014-11-14T15:30:11","guid":{"rendered":"http:\/\/www.encreviolette.fr\/?p=8974"},"modified":"2016-03-09T23:22:40","modified_gmt":"2016-03-09T22:22:40","slug":"we-are-knitters-by-lencre-violette","status":"publish","type":"post","link":"https:\/\/www.emmaducher.com\/blog\/2014\/11\/we-are-knitters-by-lencre-violette\/","title":{"rendered":"We are knitters by l&rsquo;Encre violette"},"content":{"rendered":"<p>Quand <a href=\"http:\/\/www.weareknitters.fr\/?utm_source=http%3A%2F%2Fwww.encreviolette.fr%2F&amp;utm_medium=Post_Blog&amp;utm_term=Free_Tuto_Snood&amp;utm_campaign=october14\">We are knitters<\/a> m&rsquo;a propos\u00e9 de travailler sur une collaboration WAK x l&rsquo;Encre Violette, j&rsquo;\u00e9tais justement en train de tomber amoureuse de la couleur abricot <a href=\"http:\/\/www.weareknitters.fr\/?utm_source=http%3A%2F%2Fwww.encreviolette.fr%2F&amp;utm_medium=Post_Blog&amp;utm_term=Free_Tuto_Snood&amp;utm_campaign=october14\">sur le site<\/a> !<br \/>\n<a href=\"http:\/\/www.weareknitters.fr\/?utm_source=http%3A%2F%2Fwww.encreviolette.fr%2F&amp;utm_medium=Post_Blog&amp;utm_term=Free_Tuto_Snood&amp;utm_campaign=october14\"><img loading=\"lazy\" class=\"size-full wp-image-9004 alignleft\" src=\"\/\/www.emmaducher.com\/blog\/wp-content\/uploads\/2014\/11\/capture-de28099ecc81cran-2014-11-13-acc80-010357.png\" alt=\"\" width=\"333\" height=\"83\" srcset=\"https:\/\/www.emmaducher.com\/blog\/wp-content\/uploads\/2014\/11\/capture-de28099ecc81cran-2014-11-13-acc80-010357.png 333w, https:\/\/www.emmaducher.com\/blog\/wp-content\/uploads\/2014\/11\/capture-de28099ecc81cran-2014-11-13-acc80-010357-300x75.png 300w\" sizes=\"(max-width: 333px) 85vw, 333px\" \/><\/a><br \/>\nJ&rsquo;ai eu envie d&rsquo;un mod\u00e8le pour Violette ou Z\u00e9lie, genre un 10 ans un peu court et over size, avec un peu de jacquard, dans une gamme de 3 couleurs.\u00a0L&rsquo;abricot \u00e9tait une \u00e9vidence, et associ\u00e9 au noir et \u00e9cru, \u00e7a me paraissait le bon mix pou un esprit jacquard nordique en aiguilles 8.<\/p>\n<p style=\"text-align: left;\"><img loading=\"lazy\" class=\"alignnone size-full wp-image-8987\" src=\"\/\/www.emmaducher.com\/blog\/wp-content\/uploads\/2014\/11\/dsc_92371.jpg\" alt=\"\" width=\"700\" height=\"464\" srcset=\"https:\/\/www.emmaducher.com\/blog\/wp-content\/uploads\/2014\/11\/dsc_92371.jpg 700w, https:\/\/www.emmaducher.com\/blog\/wp-content\/uploads\/2014\/11\/dsc_92371-300x199.jpg 300w\" sizes=\"(max-width: 709px) 85vw, (max-width: 909px) 67vw, (max-width: 984px) 61vw, (max-width: 1362px) 45vw, 600px\" \/><\/p>\n<p style=\"text-align: left;\"><!--more--><\/p>\n<p style=\"text-align: left;\">Les bonnes couleurs, les bonnes aiguilles, les bons motifs, \u00e7a monte vite !<br \/>\nLe rendu est conforme \u00e0 ce que j&rsquo;imaginais et la quantit\u00e9 que j&rsquo;avais pr\u00e9vue permet de tricoter en plus le bonnet, nickel !<\/p>\n<p style=\"text-align: left;\"><img loading=\"lazy\" class=\"alignnone size-full wp-image-8989\" src=\"\/\/www.emmaducher.com\/blog\/wp-content\/uploads\/2014\/11\/dsc_9450.jpg\" alt=\"\" width=\"700\" height=\"1057\" srcset=\"https:\/\/www.emmaducher.com\/blog\/wp-content\/uploads\/2014\/11\/dsc_9450.jpg 700w, https:\/\/www.emmaducher.com\/blog\/wp-content\/uploads\/2014\/11\/dsc_9450-199x300.jpg 199w, https:\/\/www.emmaducher.com\/blog\/wp-content\/uploads\/2014\/11\/dsc_9450-678x1024.jpg 678w\" sizes=\"(max-width: 709px) 85vw, (max-width: 909px) 67vw, (max-width: 984px) 61vw, (max-width: 1362px) 45vw, 600px\" \/><img loading=\"lazy\" class=\"alignnone size-full wp-image-8990\" src=\"\/\/www.emmaducher.com\/blog\/wp-content\/uploads\/2014\/11\/dsc_9428.jpg\" alt=\"\" width=\"700\" height=\"1157\" srcset=\"https:\/\/www.emmaducher.com\/blog\/wp-content\/uploads\/2014\/11\/dsc_9428.jpg 700w, https:\/\/www.emmaducher.com\/blog\/wp-content\/uploads\/2014\/11\/dsc_9428-182x300.jpg 182w, https:\/\/www.emmaducher.com\/blog\/wp-content\/uploads\/2014\/11\/dsc_9428-620x1024.jpg 620w\" sizes=\"(max-width: 709px) 85vw, (max-width: 909px) 67vw, (max-width: 984px) 61vw, (max-width: 1362px) 45vw, 600px\" \/><img loading=\"lazy\" class=\"alignnone size-full wp-image-8992\" src=\"\/\/www.emmaducher.com\/blog\/wp-content\/uploads\/2014\/11\/dsc_9461.jpg\" alt=\"\" width=\"700\" height=\"599\" srcset=\"https:\/\/www.emmaducher.com\/blog\/wp-content\/uploads\/2014\/11\/dsc_9461.jpg 700w, https:\/\/www.emmaducher.com\/blog\/wp-content\/uploads\/2014\/11\/dsc_9461-300x257.jpg 300w\" sizes=\"(max-width: 709px) 85vw, (max-width: 909px) 67vw, (max-width: 984px) 61vw, (max-width: 1362px) 45vw, 600px\" \/><img loading=\"lazy\" class=\"alignnone size-full wp-image-8993\" title=\"dsc_9439\" src=\"\/\/www.emmaducher.com\/blog\/wp-content\/uploads\/2014\/11\/dsc_9439.jpg\" alt=\"dsc_9439\" width=\"700\" height=\"994\" srcset=\"https:\/\/www.emmaducher.com\/blog\/wp-content\/uploads\/2014\/11\/dsc_9439.jpg 700w, https:\/\/www.emmaducher.com\/blog\/wp-content\/uploads\/2014\/11\/dsc_9439-211x300.jpg 211w\" sizes=\"(max-width: 709px) 85vw, (max-width: 909px) 67vw, (max-width: 984px) 61vw, (max-width: 1362px) 45vw, 600px\" \/><img loading=\"lazy\" class=\"alignnone size-full wp-image-8995\" src=\"\/\/www.emmaducher.com\/blog\/wp-content\/uploads\/2014\/11\/dsc_9468.jpg\" alt=\"\" width=\"700\" height=\"1202\" srcset=\"https:\/\/www.emmaducher.com\/blog\/wp-content\/uploads\/2014\/11\/dsc_9468.jpg 700w, https:\/\/www.emmaducher.com\/blog\/wp-content\/uploads\/2014\/11\/dsc_9468-175x300.jpg 175w, https:\/\/www.emmaducher.com\/blog\/wp-content\/uploads\/2014\/11\/dsc_9468-596x1024.jpg 596w\" sizes=\"(max-width: 709px) 85vw, (max-width: 909px) 67vw, (max-width: 984px) 61vw, (max-width: 1362px) 45vw, 600px\" \/><img loading=\"lazy\" class=\"alignnone size-full wp-image-8997\" src=\"\/\/www.emmaducher.com\/blog\/wp-content\/uploads\/2014\/11\/dsc_9453.jpg\" alt=\"\" width=\"700\" height=\"1023\" srcset=\"https:\/\/www.emmaducher.com\/blog\/wp-content\/uploads\/2014\/11\/dsc_9453.jpg 700w, https:\/\/www.emmaducher.com\/blog\/wp-content\/uploads\/2014\/11\/dsc_9453-205x300.jpg 205w\" sizes=\"(max-width: 709px) 85vw, (max-width: 909px) 67vw, (max-width: 984px) 61vw, (max-width: 1362px) 45vw, 600px\" \/><\/p>\n<p style=\"text-align: left;\">Grand Nord, en pull et en bonnet est disponible en taille 10 ans (le bonnet peut tout \u00e0 fait convenir d\u00e8s le 6 ans \u00e0 mon avis, et pour le pull quelques modifications en nombre de mailles ou en hauteur suffiront pour un changement de tailles)<\/p>\n<p style=\"text-align: center;\"><strong>Pour obtenir le patron du pull et du bonnet Grand Nord, <a href=\"http:\/\/www.weareknitters.fr\/landing\/violette\/index_violette.html\">c&rsquo;est par ici<\/a> !<\/strong><\/p>\n<p style=\"text-align: center;\"><strong>Encore un grand merci \u00e0 <a href=\"http:\/\/www.weareknitters.fr\/?utm_source=http%3A%2F%2Fwww.encreviolette.fr%2F&amp;utm_medium=Post_Blog&amp;utm_term=Free_Tuto_Snood&amp;utm_campaign=october14\">We are Knitters<\/a> pour cette chouette collaboration.<\/strong><\/p>\n","protected":false},"excerpt":{"rendered":"<p>Quand We are knitters m&rsquo;a propos\u00e9 de travailler sur une collaboration WAK x l&rsquo;Encre Violette, j&rsquo;\u00e9tais justement en train de tomber amoureuse de la couleur abricot sur le site ! J&rsquo;ai eu envie d&rsquo;un mod\u00e8le pour Violette ou Z\u00e9lie, genre un 10 ans un peu court et over size, avec un peu de jacquard, dans &hellip; <a href=\"https:\/\/www.emmaducher.com\/blog\/2014\/11\/we-are-knitters-by-lencre-violette\/\" class=\"more-link\">Continuer la lecture<span class=\"screen-reader-text\"> de &laquo;&nbsp;We are knitters by l&rsquo;Encre violette&nbsp;&raquo;<\/span><\/a><\/p>\n","protected":false},"author":1,"featured_media":8989,"comment_status":"open","ping_status":"open","sticky":false,"template":"","format":"standard","meta":[],"categories":[70],"tags":[112,110,113],"_links":{"self":[{"href":"https:\/\/www.emmaducher.com\/blog\/wp-json\/wp\/v2\/posts\/8974"}],"collection":[{"href":"https:\/\/www.emmaducher.com\/blog\/wp-json\/wp\/v2\/posts"}],"about":[{"href":"https:\/\/www.emmaducher.com\/blog\/wp-json\/wp\/v2\/types\/post"}],"author":[{"embeddable":true,"href":"https:\/\/www.emmaducher.com\/blog\/wp-json\/wp\/v2\/users\/1"}],"replies":[{"embeddable":true,"href":"https:\/\/www.emmaducher.com\/blog\/wp-json\/wp\/v2\/comments?post=8974"}],"version-history":[{"count":29,"href":"https:\/\/www.emmaducher.com\/blog\/wp-json\/wp\/v2\/posts\/8974\/revisions"}],"predecessor-version":[{"id":10150,"href":"https:\/\/www.emmaducher.com\/blog\/wp-json\/wp\/v2\/posts\/8974\/revisions\/10150"}],"wp:featuredmedia":[{"embeddable":true,"href":"https:\/\/www.emmaducher.com\/blog\/wp-json\/wp\/v2\/media\/8989"}],"wp:attachment":[{"href":"https:\/\/www.emmaducher.com\/blog\/wp-json\/wp\/v2\/media?parent=8974"}],"wp:term":[{"taxonomy":"category","embeddable":true,"href":"https:\/\/www.emmaducher.com\/blog\/wp-json\/wp\/v2\/categories?post=8974"},{"taxonomy":"post_tag","embeddable":true,"href":"https:\/\/www.emmaducher.com\/blog\/wp-json\/wp\/v2\/tags?post=8974"}],"curies":[{"name":"wp","href":"https:\/\/api.w.org\/{rel}","templated":true}]}}