 
{"id":9018,"date":"2014-12-09T18:43:03","date_gmt":"2014-12-09T17:43:03","guid":{"rendered":"http:\/\/www.encreviolette.fr\/?p=9018"},"modified":"2016-03-09T23:21:34","modified_gmt":"2016-03-09T22:21:34","slug":"couronnes-fleuries-dhiver-diy-inside","status":"publish","type":"post","link":"https:\/\/www.emmaducher.com\/blog\/2014\/12\/couronnes-fleuries-dhiver-diy-inside\/","title":{"rendered":"Couronnes fleuries d&rsquo;hiver (DIY inside)"},"content":{"rendered":"<p style=\"text-align: center;\"><strong>A J-15 de No\u00ebl il est temps de penser un peu \u00e0 la d\u00e9co !<br \/>\nEn collaboration avec Giotto, voici un tuto pour des couronnes fleuries d&rsquo;hiver.<\/strong><img loading=\"lazy\" class=\"alignnone size-full wp-image-9019\" src=\"\/\/www.emmaducher.com\/blog\/wp-content\/uploads\/2014\/12\/dsc_9920.jpg\" alt=\"\" width=\"700\" height=\"464\" srcset=\"https:\/\/www.emmaducher.com\/blog\/wp-content\/uploads\/2014\/12\/dsc_9920.jpg 700w, https:\/\/www.emmaducher.com\/blog\/wp-content\/uploads\/2014\/12\/dsc_9920-300x199.jpg 300w\" sizes=\"(max-width: 709px) 85vw, (max-width: 909px) 67vw, (max-width: 984px) 61vw, (max-width: 1362px) 45vw, 600px\" \/><\/p>\n<p><img loading=\"lazy\" class=\"size-full wp-image-9021 alignleft\" src=\"\/\/www.emmaducher.com\/blog\/wp-content\/uploads\/2014\/12\/dsc_9895.jpg\" alt=\"\" width=\"700\" height=\"464\" srcset=\"https:\/\/www.emmaducher.com\/blog\/wp-content\/uploads\/2014\/12\/dsc_9895.jpg 700w, https:\/\/www.emmaducher.com\/blog\/wp-content\/uploads\/2014\/12\/dsc_9895-300x199.jpg 300w\" sizes=\"(max-width: 709px) 85vw, (max-width: 909px) 67vw, (max-width: 984px) 61vw, (max-width: 1362px) 45vw, 600px\" \/><\/p>\n<p><img loading=\"lazy\" class=\"size-full wp-image-9025 alignnone\" src=\"\/\/www.emmaducher.com\/blog\/wp-content\/uploads\/2014\/12\/dsc_9919.jpg\" alt=\"\" width=\"350\" height=\"528\" srcset=\"https:\/\/www.emmaducher.com\/blog\/wp-content\/uploads\/2014\/12\/dsc_9919.jpg 350w, https:\/\/www.emmaducher.com\/blog\/wp-content\/uploads\/2014\/12\/dsc_9919-199x300.jpg 199w\" sizes=\"(max-width: 350px) 85vw, 350px\" \/><\/p>\n<p><img loading=\"lazy\" class=\"size-full wp-image-9022 alignright\" src=\"\/\/www.emmaducher.com\/blog\/wp-content\/uploads\/2014\/12\/dsc_99251.jpg\" alt=\"\" width=\"350\" height=\"528\" srcset=\"https:\/\/www.emmaducher.com\/blog\/wp-content\/uploads\/2014\/12\/dsc_99251.jpg 350w, https:\/\/www.emmaducher.com\/blog\/wp-content\/uploads\/2014\/12\/dsc_99251-199x300.jpg 199w\" sizes=\"(max-width: 350px) 85vw, 350px\" \/><\/p>\n<p>Un peu de\u00a0<a href=\"http:\/\/www.giottofrance.fr\/das\/produits\/modelage\">p\u00e2te \u00e0 modeler auto-durcissante Giotto<\/a> blanche, dor\u00e9e et argent\u00e9e, un cercle d&rsquo;abat jour, des petits emporte-pi\u00e8ces fleurs et feuilles (en boutique de cuisine &amp; co), un peu de colle et un peu de patience, et voici des guirlandes fleuries pour No\u00ebl !<br \/>\nDiff\u00e9rents diam\u00e8tres de cercles d&rsquo;abat-jour, une couleur ou plusieurs couleurs de p\u00e2te \u00e0 modeler auto-durcissante par couronne, on peut m\u00eame ne couvrir qu&rsquo;une partie du cercle pour un effet graphique.<\/p>\n<p>Pour avoir le tuto complet,<a href=\"http:\/\/www.giottofrance.fr\/media\/6358840\/diy-n%C2%B04_-couronnes-fleuries-dhiver.pdf\"> c&rsquo;est chez Giotto<\/a> !<\/p>\n<p style=\"text-align: center;\"><a href=\"http:\/\/www.giottofrance.fr\/media\/6358840\/diy-n%C2%B04_-couronnes-fleuries-dhiver.pdf\"><img loading=\"lazy\" class=\"size-full wp-image-9043 aligncenter\" src=\"\/\/www.emmaducher.com\/blog\/wp-content\/uploads\/2014\/12\/tuto-diy1.jpg\" alt=\"tuto-diy1\" width=\"223\" height=\"169\" srcset=\"https:\/\/www.emmaducher.com\/blog\/wp-content\/uploads\/2014\/12\/tuto-diy1.jpg 886w, https:\/\/www.emmaducher.com\/blog\/wp-content\/uploads\/2014\/12\/tuto-diy1-300x227.jpg 300w, https:\/\/www.emmaducher.com\/blog\/wp-content\/uploads\/2014\/12\/tuto-diy1-700x529.jpg 700w\" sizes=\"(max-width: 223px) 85vw, 223px\" \/><\/a><\/p>\n<p><img loading=\"lazy\" class=\"alignnone size-full wp-image-9023\" src=\"\/\/www.emmaducher.com\/blog\/wp-content\/uploads\/2014\/12\/dsc_9916.jpg\" alt=\"\" width=\"700\" height=\"1057\" srcset=\"https:\/\/www.emmaducher.com\/blog\/wp-content\/uploads\/2014\/12\/dsc_9916.jpg 700w, https:\/\/www.emmaducher.com\/blog\/wp-content\/uploads\/2014\/12\/dsc_9916-199x300.jpg 199w, https:\/\/www.emmaducher.com\/blog\/wp-content\/uploads\/2014\/12\/dsc_9916-678x1024.jpg 678w\" sizes=\"(max-width: 709px) 85vw, (max-width: 909px) 67vw, (max-width: 984px) 61vw, (max-width: 1362px) 45vw, 600px\" \/><\/p>\n<p>Et avec le reste de la p\u00e2te \u00e0 modeler auto-durcissante, un emporte-pi\u00e8ce rond et <a href=\"http:\/\/www.giottofrance.fr\/giotto\/produits\/feutres\/giotto-decor-metal\">les feutres d\u00e9cor m\u00e9tal Giotto<\/a>, on a eu de quoi compl\u00e9ter nos petites d\u00e9co de No\u00ebl.<\/p>\n<p><img loading=\"lazy\" class=\"alignnone size-full wp-image-9046\" src=\"\/\/www.emmaducher.com\/blog\/wp-content\/uploads\/2014\/12\/dsc_99121.jpg\" alt=\"\" width=\"700\" height=\"464\" srcset=\"https:\/\/www.emmaducher.com\/blog\/wp-content\/uploads\/2014\/12\/dsc_99121.jpg 700w, https:\/\/www.emmaducher.com\/blog\/wp-content\/uploads\/2014\/12\/dsc_99121-300x199.jpg 300w\" sizes=\"(max-width: 709px) 85vw, (max-width: 909px) 67vw, (max-width: 984px) 61vw, (max-width: 1362px) 45vw, 600px\" \/><img loading=\"lazy\" class=\"alignnone size-full wp-image-9047\" src=\"\/\/www.emmaducher.com\/blog\/wp-content\/uploads\/2014\/12\/dsc_99111.jpg\" alt=\"\" width=\"700\" height=\"464\" srcset=\"https:\/\/www.emmaducher.com\/blog\/wp-content\/uploads\/2014\/12\/dsc_99111.jpg 700w, https:\/\/www.emmaducher.com\/blog\/wp-content\/uploads\/2014\/12\/dsc_99111-300x199.jpg 300w\" sizes=\"(max-width: 709px) 85vw, (max-width: 909px) 67vw, (max-width: 984px) 61vw, (max-width: 1362px) 45vw, 600px\" \/><\/p>\n<p style=\"text-align: center;\"><strong>Et vous ? Vous avez commenc\u00e9 ?<\/strong><\/p>\n","protected":false},"excerpt":{"rendered":"<p>A J-15 de No\u00ebl il est temps de penser un peu \u00e0 la d\u00e9co ! En collaboration avec Giotto, voici un tuto pour des couronnes fleuries d&rsquo;hiver. Un peu de\u00a0p\u00e2te \u00e0 modeler auto-durcissante Giotto blanche, dor\u00e9e et argent\u00e9e, un cercle d&rsquo;abat jour, des petits emporte-pi\u00e8ces fleurs et feuilles (en boutique de cuisine &amp; co), un &hellip; <a href=\"https:\/\/www.emmaducher.com\/blog\/2014\/12\/couronnes-fleuries-dhiver-diy-inside\/\" class=\"more-link\">Continuer la lecture<span class=\"screen-reader-text\"> de &laquo;&nbsp;Couronnes fleuries d&rsquo;hiver (DIY inside)&nbsp;&raquo;<\/span><\/a><\/p>\n","protected":false},"author":1,"featured_media":9019,"comment_status":"open","ping_status":"open","sticky":false,"template":"","format":"standard","meta":[],"categories":[69],"tags":[112,110],"_links":{"self":[{"href":"https:\/\/www.emmaducher.com\/blog\/wp-json\/wp\/v2\/posts\/9018"}],"collection":[{"href":"https:\/\/www.emmaducher.com\/blog\/wp-json\/wp\/v2\/posts"}],"about":[{"href":"https:\/\/www.emmaducher.com\/blog\/wp-json\/wp\/v2\/types\/post"}],"author":[{"embeddable":true,"href":"https:\/\/www.emmaducher.com\/blog\/wp-json\/wp\/v2\/users\/1"}],"replies":[{"embeddable":true,"href":"https:\/\/www.emmaducher.com\/blog\/wp-json\/wp\/v2\/comments?post=9018"}],"version-history":[{"count":30,"href":"https:\/\/www.emmaducher.com\/blog\/wp-json\/wp\/v2\/posts\/9018\/revisions"}],"predecessor-version":[{"id":10149,"href":"https:\/\/www.emmaducher.com\/blog\/wp-json\/wp\/v2\/posts\/9018\/revisions\/10149"}],"wp:featuredmedia":[{"embeddable":true,"href":"https:\/\/www.emmaducher.com\/blog\/wp-json\/wp\/v2\/media\/9019"}],"wp:attachment":[{"href":"https:\/\/www.emmaducher.com\/blog\/wp-json\/wp\/v2\/media?parent=9018"}],"wp:term":[{"taxonomy":"category","embeddable":true,"href":"https:\/\/www.emmaducher.com\/blog\/wp-json\/wp\/v2\/categories?post=9018"},{"taxonomy":"post_tag","embeddable":true,"href":"https:\/\/www.emmaducher.com\/blog\/wp-json\/wp\/v2\/tags?post=9018"}],"curies":[{"name":"wp","href":"https:\/\/api.w.org\/{rel}","templated":true}]}}