 
{"id":9175,"date":"2015-04-07T11:47:01","date_gmt":"2015-04-07T10:47:01","guid":{"rendered":"http:\/\/www.encreviolette.fr\/?p=9175"},"modified":"2017-01-23T15:56:39","modified_gmt":"2017-01-23T14:56:39","slug":"les-sens-du-beau-biennale-internationale-du-design","status":"publish","type":"post","link":"https:\/\/www.emmaducher.com\/blog\/2015\/04\/les-sens-du-beau-biennale-internationale-du-design\/","title":{"rendered":"Les sens du beau"},"content":{"rendered":"<p><img loading=\"lazy\" class=\"alignnone size-full wp-image-9180\" src=\"\/\/www.emmaducher.com\/blog\/wp-content\/uploads\/2015\/04\/71.jpg\" alt=\"\" width=\"700\" height=\"463\" srcset=\"https:\/\/www.emmaducher.com\/blog\/wp-content\/uploads\/2015\/04\/71.jpg 700w, https:\/\/www.emmaducher.com\/blog\/wp-content\/uploads\/2015\/04\/71-300x198.jpg 300w\" sizes=\"(max-width: 709px) 85vw, (max-width: 909px) 67vw, (max-width: 984px) 61vw, (max-width: 1362px) 45vw, 600px\" \/><\/p>\n<p>C&rsquo;est le th\u00e8me de <a href=\"http:\/\/www.biennale-design.com\/saint-etienne\/2015\/fr\/home\/\">la Biennale Internationale du Design<\/a>, \u00e0 Saint Etienne.<br \/>\nIl ne reste que quelques jours pour aller y faire un tour, elle se termine le 12 avril. Foncez-y !<br \/>\nLe site est absolument g\u00e9nial, mais une journ\u00e9e, \u00e9videmment, c&rsquo;est court pour tout voir.<\/p>\n<p><!--more--><\/p>\n<p><img loading=\"lazy\" class=\"alignnone size-full wp-image-9186\" src=\"\/\/www.emmaducher.com\/blog\/wp-content\/uploads\/2015\/04\/8.jpg\" alt=\"\" width=\"700\" height=\"895\" srcset=\"https:\/\/www.emmaducher.com\/blog\/wp-content\/uploads\/2015\/04\/8.jpg 700w, https:\/\/www.emmaducher.com\/blog\/wp-content\/uploads\/2015\/04\/8-235x300.jpg 235w\" sizes=\"(max-width: 709px) 85vw, (max-width: 909px) 67vw, (max-width: 984px) 61vw, (max-width: 1362px) 45vw, 600px\" \/><\/p>\n<p><img loading=\"lazy\" class=\"alignnone size-full wp-image-9190\" src=\"\/\/www.emmaducher.com\/blog\/wp-content\/uploads\/2015\/04\/15.jpg\" alt=\"\" width=\"700\" height=\"527\" srcset=\"https:\/\/www.emmaducher.com\/blog\/wp-content\/uploads\/2015\/04\/15.jpg 700w, https:\/\/www.emmaducher.com\/blog\/wp-content\/uploads\/2015\/04\/15-300x226.jpg 300w\" sizes=\"(max-width: 709px) 85vw, (max-width: 909px) 67vw, (max-width: 984px) 61vw, (max-width: 1362px) 45vw, 600px\" \/><\/p>\n<p><img loading=\"lazy\" class=\"alignnone size-full wp-image-9191\" src=\"\/\/www.emmaducher.com\/blog\/wp-content\/uploads\/2015\/04\/14.jpg\" alt=\"\" width=\"700\" height=\"985\" srcset=\"https:\/\/www.emmaducher.com\/blog\/wp-content\/uploads\/2015\/04\/14.jpg 700w, https:\/\/www.emmaducher.com\/blog\/wp-content\/uploads\/2015\/04\/14-213x300.jpg 213w\" sizes=\"(max-width: 709px) 85vw, (max-width: 909px) 67vw, (max-width: 984px) 61vw, (max-width: 1362px) 45vw, 600px\" \/><\/p>\n<p><img loading=\"lazy\" class=\"alignnone size-full wp-image-9192\" src=\"\/\/www.emmaducher.com\/blog\/wp-content\/uploads\/2015\/04\/11.jpg\" alt=\"\" width=\"700\" height=\"328\" srcset=\"https:\/\/www.emmaducher.com\/blog\/wp-content\/uploads\/2015\/04\/11.jpg 700w, https:\/\/www.emmaducher.com\/blog\/wp-content\/uploads\/2015\/04\/11-300x141.jpg 300w\" sizes=\"(max-width: 709px) 85vw, (max-width: 909px) 67vw, (max-width: 984px) 61vw, (max-width: 1362px) 45vw, 600px\" \/><\/p>\n<p>Et comme on y allait avec les enfants, on a particuli\u00e8rement appr\u00e9ci\u00e9 l&rsquo;expo \u00ab\u00a0<a href=\"http:\/\/www.biennale-design.com\/saint-etienne\/2015\/fr\/biennale-in\/?ev=no-randomness-31\">No Randomness<\/a>\u00ab\u00a0, tr\u00e8s chouette sc\u00e9nographie pour expliquer tr\u00e8s clairement que rien n&rsquo;est d\u00fb au hasard : pourquoi les p\u00e2tes ont telle ou telle forme ? Pourquoi les bouches d&rsquo;\u00e9gout sont-elles rondes ? Pourquoi les feuilles A4 mesurent 21 x 29,7 cm ? Pourquoi les bou\u00e9es sont oranges ? &#8230;<br \/>\nLes enfants ont ador\u00e9 et c&rsquo;est une chouette alchimie quand beau\/utile et logique riment vraiment !<\/p>\n<p><img loading=\"lazy\" class=\"alignnone size-full wp-image-9181\" src=\"\/\/www.emmaducher.com\/blog\/wp-content\/uploads\/2015\/04\/13.jpg\" alt=\"\" width=\"700\" height=\"911\" srcset=\"https:\/\/www.emmaducher.com\/blog\/wp-content\/uploads\/2015\/04\/13.jpg 700w, https:\/\/www.emmaducher.com\/blog\/wp-content\/uploads\/2015\/04\/13-231x300.jpg 231w\" sizes=\"(max-width: 709px) 85vw, (max-width: 909px) 67vw, (max-width: 984px) 61vw, (max-width: 1362px) 45vw, 600px\" \/><\/p>\n<p><img loading=\"lazy\" class=\"alignnone size-full wp-image-9182\" src=\"\/\/www.emmaducher.com\/blog\/wp-content\/uploads\/2015\/04\/12.jpg\" alt=\"\" width=\"700\" height=\"934\" srcset=\"https:\/\/www.emmaducher.com\/blog\/wp-content\/uploads\/2015\/04\/12.jpg 700w, https:\/\/www.emmaducher.com\/blog\/wp-content\/uploads\/2015\/04\/12-225x300.jpg 225w\" sizes=\"(max-width: 709px) 85vw, (max-width: 909px) 67vw, (max-width: 984px) 61vw, (max-width: 1362px) 45vw, 600px\" \/><\/p>\n<p><img loading=\"lazy\" class=\"alignnone size-full wp-image-9183\" src=\"\/\/www.emmaducher.com\/blog\/wp-content\/uploads\/2015\/04\/16.jpg\" alt=\"\" width=\"700\" height=\"920\" srcset=\"https:\/\/www.emmaducher.com\/blog\/wp-content\/uploads\/2015\/04\/16.jpg 700w, https:\/\/www.emmaducher.com\/blog\/wp-content\/uploads\/2015\/04\/16-228x300.jpg 228w\" sizes=\"(max-width: 709px) 85vw, (max-width: 909px) 67vw, (max-width: 984px) 61vw, (max-width: 1362px) 45vw, 600px\" \/><\/p>\n<p><img loading=\"lazy\" class=\"alignnone size-full wp-image-9184\" src=\"\/\/www.emmaducher.com\/blog\/wp-content\/uploads\/2015\/04\/9.jpg\" alt=\"\" width=\"700\" height=\"516\" srcset=\"https:\/\/www.emmaducher.com\/blog\/wp-content\/uploads\/2015\/04\/9.jpg 700w, https:\/\/www.emmaducher.com\/blog\/wp-content\/uploads\/2015\/04\/9-300x221.jpg 300w\" sizes=\"(max-width: 709px) 85vw, (max-width: 909px) 67vw, (max-width: 984px) 61vw, (max-width: 1362px) 45vw, 600px\" \/><\/p>\n<h5>\u00ab\u00a0No stop furniture\u00a0\u00bb Sophie Vaugarny<\/h5>\n<p><img loading=\"lazy\" class=\"alignnone size-large wp-image-9187\" src=\"\/\/www.emmaducher.com\/blog\/wp-content\/uploads\/2015\/04\/10-678x1024.jpg\" alt=\"\" width=\"678\" height=\"1024\" srcset=\"https:\/\/www.emmaducher.com\/blog\/wp-content\/uploads\/2015\/04\/10-678x1024.jpg 678w, https:\/\/www.emmaducher.com\/blog\/wp-content\/uploads\/2015\/04\/10-199x300.jpg 199w, https:\/\/www.emmaducher.com\/blog\/wp-content\/uploads\/2015\/04\/10.jpg 700w\" sizes=\"(max-width: 709px) 85vw, (max-width: 909px) 67vw, (max-width: 984px) 61vw, (max-width: 1362px) 45vw, 600px\" \/><\/p>\n<h5>\u00ab\u00a0R\u00e9serve d\u00e9boussol\u00e9e\u00a0\u00bb (playlist interactive, en fonction des oeuvres observ\u00e9es, fabuleux !)<\/h5>\n<p>Toujours pour les enfants, l&rsquo;<a href=\"http:\/\/www.biennale-design.com\/saint-etienne\/2015\/fr\/evenements-in-off\/?ev=atelier-enfant-le-bestiaire-403\">atelier Bestiaire<\/a> est un moment inoubliable !<\/p>\n<p><img loading=\"lazy\" class=\"alignnone size-full wp-image-9176\" src=\"\/\/www.emmaducher.com\/blog\/wp-content\/uploads\/2015\/04\/5.jpg\" alt=\"\" width=\"700\" height=\"594\" srcset=\"https:\/\/www.emmaducher.com\/blog\/wp-content\/uploads\/2015\/04\/5.jpg 700w, https:\/\/www.emmaducher.com\/blog\/wp-content\/uploads\/2015\/04\/5-300x255.jpg 300w\" sizes=\"(max-width: 709px) 85vw, (max-width: 909px) 67vw, (max-width: 984px) 61vw, (max-width: 1362px) 45vw, 600px\" \/><\/p>\n<p><img loading=\"lazy\" class=\"alignnone size-full wp-image-9185\" src=\"\/\/www.emmaducher.com\/blog\/wp-content\/uploads\/2015\/04\/4.jpg\" alt=\"\" width=\"700\" height=\"498\" srcset=\"https:\/\/www.emmaducher.com\/blog\/wp-content\/uploads\/2015\/04\/4.jpg 700w, https:\/\/www.emmaducher.com\/blog\/wp-content\/uploads\/2015\/04\/4-300x213.jpg 300w\" sizes=\"(max-width: 709px) 85vw, (max-width: 909px) 67vw, (max-width: 984px) 61vw, (max-width: 1362px) 45vw, 600px\" \/><\/p>\n<p><img loading=\"lazy\" class=\"alignnone size-full wp-image-9189\" src=\"\/\/www.emmaducher.com\/blog\/wp-content\/uploads\/2015\/04\/2.jpg\" alt=\"\" width=\"700\" height=\"561\" srcset=\"https:\/\/www.emmaducher.com\/blog\/wp-content\/uploads\/2015\/04\/2.jpg 700w, https:\/\/www.emmaducher.com\/blog\/wp-content\/uploads\/2015\/04\/2-300x240.jpg 300w\" sizes=\"(max-width: 709px) 85vw, (max-width: 909px) 67vw, (max-width: 984px) 61vw, (max-width: 1362px) 45vw, 600px\" \/><\/p>\n<p>Ernest n&rsquo;a pas voulu quitt\u00e9 le d\u00e9guisement qu&rsquo;il a lui-m\u00eame imagin\u00e9 et fabriqu\u00e9, on a donc termin\u00e9 notre belle journ\u00e9e st\u00e9phanoise accompagn\u00e9 d&rsquo;une &#8230; tortue !<\/p>\n","protected":false},"excerpt":{"rendered":"<p>C&rsquo;est le th\u00e8me de la Biennale Internationale du Design, \u00e0 Saint Etienne. Il ne reste que quelques jours pour aller y faire un tour, elle se termine le 12 avril. Foncez-y ! Le site est absolument g\u00e9nial, mais une journ\u00e9e, \u00e9videmment, c&rsquo;est court pour tout voir.<\/p>\n","protected":false},"author":1,"featured_media":9183,"comment_status":"open","ping_status":"open","sticky":false,"template":"","format":"standard","meta":[],"categories":[83],"tags":[108],"_links":{"self":[{"href":"https:\/\/www.emmaducher.com\/blog\/wp-json\/wp\/v2\/posts\/9175"}],"collection":[{"href":"https:\/\/www.emmaducher.com\/blog\/wp-json\/wp\/v2\/posts"}],"about":[{"href":"https:\/\/www.emmaducher.com\/blog\/wp-json\/wp\/v2\/types\/post"}],"author":[{"embeddable":true,"href":"https:\/\/www.emmaducher.com\/blog\/wp-json\/wp\/v2\/users\/1"}],"replies":[{"embeddable":true,"href":"https:\/\/www.emmaducher.com\/blog\/wp-json\/wp\/v2\/comments?post=9175"}],"version-history":[{"count":9,"href":"https:\/\/www.emmaducher.com\/blog\/wp-json\/wp\/v2\/posts\/9175\/revisions"}],"predecessor-version":[{"id":11951,"href":"https:\/\/www.emmaducher.com\/blog\/wp-json\/wp\/v2\/posts\/9175\/revisions\/11951"}],"wp:featuredmedia":[{"embeddable":true,"href":"https:\/\/www.emmaducher.com\/blog\/wp-json\/wp\/v2\/media\/9183"}],"wp:attachment":[{"href":"https:\/\/www.emmaducher.com\/blog\/wp-json\/wp\/v2\/media?parent=9175"}],"wp:term":[{"taxonomy":"category","embeddable":true,"href":"https:\/\/www.emmaducher.com\/blog\/wp-json\/wp\/v2\/categories?post=9175"},{"taxonomy":"post_tag","embeddable":true,"href":"https:\/\/www.emmaducher.com\/blog\/wp-json\/wp\/v2\/tags?post=9175"}],"curies":[{"name":"wp","href":"https:\/\/api.w.org\/{rel}","templated":true}]}}