 
{"id":9259,"date":"2015-05-07T23:40:17","date_gmt":"2015-05-07T22:40:17","guid":{"rendered":"http:\/\/www.encreviolette.fr\/?p=9259"},"modified":"2016-03-12T09:46:38","modified_gmt":"2016-03-12T08:46:38","slug":"le-schweighof-ou-la-chambre-dhotes-de-reve","status":"publish","type":"post","link":"https:\/\/www.emmaducher.com\/blog\/2015\/05\/le-schweighof-ou-la-chambre-dhotes-de-reve\/","title":{"rendered":"Le Schweighof (ou la chambre d&rsquo;h\u00f4tes de r\u00eave)"},"content":{"rendered":"<p><img loading=\"lazy\" class=\"alignnone size-full wp-image-9261\" src=\"\/\/www.emmaducher.com\/blog\/wp-content\/uploads\/2015\/05\/couv3.jpg\" alt=\"\" width=\"700\" height=\"1057\" srcset=\"https:\/\/www.emmaducher.com\/blog\/wp-content\/uploads\/2015\/05\/couv3.jpg 700w, https:\/\/www.emmaducher.com\/blog\/wp-content\/uploads\/2015\/05\/couv3-199x300.jpg 199w, https:\/\/www.emmaducher.com\/blog\/wp-content\/uploads\/2015\/05\/couv3-678x1024.jpg 678w\" sizes=\"(max-width: 709px) 85vw, (max-width: 909px) 67vw, (max-width: 984px) 61vw, (max-width: 1362px) 45vw, 600px\" \/><\/p>\n<p>Notre week-end franco-germano-suisse nous a permis de tester <a href=\"http:\/\/www.leschweighof.fr\/\">Le Schweighof<\/a>, cette chambre d&rsquo;h\u00f4tes que j&rsquo;avais rep\u00e9r\u00e9e depuis un petit moment.<\/p>\n<p><!--more--><br \/>\n\u00ab\u00a0Chambre d&rsquo;h\u00f4tes\u00a0\u00bb est en de\u00e7a du vrai terme : nous avons dormi en r\u00e9alit\u00e9 dans un appartement d&rsquo;h\u00f4tes, au sein d&rsquo;une tr\u00e8s jolie maison. 2 grandes chambres, une belle salle de bain, une halte de r\u00eave \u00e0 Altkirch.<br \/>\nLa maison est baign\u00e9e de lumi\u00e8re gr\u00e2ce aux grandes fen\u00eatres.<\/p>\n<p><img loading=\"lazy\" class=\"alignnone size-full wp-image-9262\" src=\"\/\/www.emmaducher.com\/blog\/wp-content\/uploads\/2015\/05\/4.jpg\" alt=\"\" width=\"700\" height=\"447\" srcset=\"https:\/\/www.emmaducher.com\/blog\/wp-content\/uploads\/2015\/05\/4.jpg 700w, https:\/\/www.emmaducher.com\/blog\/wp-content\/uploads\/2015\/05\/4-300x192.jpg 300w\" sizes=\"(max-width: 709px) 85vw, (max-width: 909px) 67vw, (max-width: 984px) 61vw, (max-width: 1362px) 45vw, 600px\" \/><img loading=\"lazy\" class=\"alignnone size-full wp-image-9263\" src=\"\/\/www.emmaducher.com\/blog\/wp-content\/uploads\/2015\/05\/1.jpg\" alt=\"\" width=\"700\" height=\"1024\" srcset=\"https:\/\/www.emmaducher.com\/blog\/wp-content\/uploads\/2015\/05\/1.jpg 700w, https:\/\/www.emmaducher.com\/blog\/wp-content\/uploads\/2015\/05\/1-205x300.jpg 205w\" sizes=\"(max-width: 709px) 85vw, (max-width: 909px) 67vw, (max-width: 984px) 61vw, (max-width: 1362px) 45vw, 600px\" \/><img loading=\"lazy\" class=\"alignnone size-full wp-image-9277\" src=\"\/\/www.emmaducher.com\/blog\/wp-content\/uploads\/2015\/05\/21.jpg\" alt=\"\" width=\"700\" height=\"375\" srcset=\"https:\/\/www.emmaducher.com\/blog\/wp-content\/uploads\/2015\/05\/21.jpg 700w, https:\/\/www.emmaducher.com\/blog\/wp-content\/uploads\/2015\/05\/21-300x161.jpg 300w\" sizes=\"(max-width: 709px) 85vw, (max-width: 909px) 67vw, (max-width: 984px) 61vw, (max-width: 1362px) 45vw, 600px\" \/><img loading=\"lazy\" class=\"alignnone size-full wp-image-9266\" src=\"\/\/www.emmaducher.com\/blog\/wp-content\/uploads\/2015\/05\/5.jpg\" alt=\"\" width=\"700\" height=\"1102\" srcset=\"https:\/\/www.emmaducher.com\/blog\/wp-content\/uploads\/2015\/05\/5.jpg 700w, https:\/\/www.emmaducher.com\/blog\/wp-content\/uploads\/2015\/05\/5-191x300.jpg 191w, https:\/\/www.emmaducher.com\/blog\/wp-content\/uploads\/2015\/05\/5-650x1024.jpg 650w\" sizes=\"(max-width: 709px) 85vw, (max-width: 909px) 67vw, (max-width: 984px) 61vw, (max-width: 1362px) 45vw, 600px\" \/><img loading=\"lazy\" class=\"alignnone size-full wp-image-9269\" src=\"\/\/www.emmaducher.com\/blog\/wp-content\/uploads\/2015\/05\/9.jpg\" alt=\"\" width=\"700\" height=\"1057\" srcset=\"https:\/\/www.emmaducher.com\/blog\/wp-content\/uploads\/2015\/05\/9.jpg 700w, https:\/\/www.emmaducher.com\/blog\/wp-content\/uploads\/2015\/05\/9-199x300.jpg 199w, https:\/\/www.emmaducher.com\/blog\/wp-content\/uploads\/2015\/05\/9-678x1024.jpg 678w\" sizes=\"(max-width: 709px) 85vw, (max-width: 909px) 67vw, (max-width: 984px) 61vw, (max-width: 1362px) 45vw, 600px\" \/><img loading=\"lazy\" class=\"alignnone size-full wp-image-9271\" title=\"12\" src=\"\/\/www.emmaducher.com\/blog\/wp-content\/uploads\/2015\/05\/12.jpg\" alt=\"12\" width=\"700\" height=\"1057\" srcset=\"https:\/\/www.emmaducher.com\/blog\/wp-content\/uploads\/2015\/05\/12.jpg 700w, https:\/\/www.emmaducher.com\/blog\/wp-content\/uploads\/2015\/05\/12-199x300.jpg 199w, https:\/\/www.emmaducher.com\/blog\/wp-content\/uploads\/2015\/05\/12-678x1024.jpg 678w\" sizes=\"(max-width: 709px) 85vw, (max-width: 909px) 67vw, (max-width: 984px) 61vw, (max-width: 1362px) 45vw, 600px\" \/><img loading=\"lazy\" class=\"alignnone size-full wp-image-9272\" src=\"\/\/www.emmaducher.com\/blog\/wp-content\/uploads\/2015\/05\/13.jpg\" alt=\"\" width=\"700\" height=\"1120\" srcset=\"https:\/\/www.emmaducher.com\/blog\/wp-content\/uploads\/2015\/05\/13.jpg 700w, https:\/\/www.emmaducher.com\/blog\/wp-content\/uploads\/2015\/05\/13-188x300.jpg 188w, https:\/\/www.emmaducher.com\/blog\/wp-content\/uploads\/2015\/05\/13-640x1024.jpg 640w\" sizes=\"(max-width: 709px) 85vw, (max-width: 909px) 67vw, (max-width: 984px) 61vw, (max-width: 1362px) 45vw, 600px\" \/><img loading=\"lazy\" class=\"alignnone size-full wp-image-9273\" src=\"\/\/www.emmaducher.com\/blog\/wp-content\/uploads\/2015\/05\/14.jpg\" alt=\"\" width=\"700\" height=\"1041\" srcset=\"https:\/\/www.emmaducher.com\/blog\/wp-content\/uploads\/2015\/05\/14.jpg 700w, https:\/\/www.emmaducher.com\/blog\/wp-content\/uploads\/2015\/05\/14-202x300.jpg 202w, https:\/\/www.emmaducher.com\/blog\/wp-content\/uploads\/2015\/05\/14-689x1024.jpg 689w\" sizes=\"(max-width: 709px) 85vw, (max-width: 909px) 67vw, (max-width: 984px) 61vw, (max-width: 1362px) 45vw, 600px\" \/><\/p>\n<p>Au rez-de-chauss\u00e9e de la maison, on prend le petit d\u00e9jeuner au milieu de la boutique d&rsquo;Emilie, la maitresse absolument adorable des lieux. Les enfants \u00e9taient ravis de faire du shopping en pyjama et pieds nus !<\/p>\n<p><img loading=\"lazy\" class=\"alignnone size-full wp-image-9270\" title=\"11\" src=\"\/\/www.emmaducher.com\/blog\/wp-content\/uploads\/2015\/05\/11.jpg\" alt=\"11\" width=\"350\" height=\"498\" srcset=\"https:\/\/www.emmaducher.com\/blog\/wp-content\/uploads\/2015\/05\/11.jpg 350w, https:\/\/www.emmaducher.com\/blog\/wp-content\/uploads\/2015\/05\/11-211x300.jpg 211w\" sizes=\"(max-width: 350px) 85vw, 350px\" \/><img loading=\"lazy\" class=\"size-full wp-image-9274 alignleft\" src=\"\/\/www.emmaducher.com\/blog\/wp-content\/uploads\/2015\/05\/15.jpg\" alt=\"\" width=\"350\" height=\"599\" srcset=\"https:\/\/www.emmaducher.com\/blog\/wp-content\/uploads\/2015\/05\/15.jpg 350w, https:\/\/www.emmaducher.com\/blog\/wp-content\/uploads\/2015\/05\/15-175x300.jpg 175w\" sizes=\"(max-width: 350px) 85vw, 350px\" \/><img loading=\"lazy\" class=\"size-full wp-image-9275 alignright\" src=\"\/\/www.emmaducher.com\/blog\/wp-content\/uploads\/2015\/05\/16.jpg\" alt=\"\" width=\"350\" height=\"599\" srcset=\"https:\/\/www.emmaducher.com\/blog\/wp-content\/uploads\/2015\/05\/16.jpg 350w, https:\/\/www.emmaducher.com\/blog\/wp-content\/uploads\/2015\/05\/16-175x300.jpg 175w\" sizes=\"(max-width: 350px) 85vw, 350px\" \/><img loading=\"lazy\" class=\"alignnone size-full wp-image-9276\" src=\"\/\/www.emmaducher.com\/blog\/wp-content\/uploads\/2015\/05\/17.jpg\" alt=\"\" width=\"700\" height=\"1236\" srcset=\"https:\/\/www.emmaducher.com\/blog\/wp-content\/uploads\/2015\/05\/17.jpg 700w, https:\/\/www.emmaducher.com\/blog\/wp-content\/uploads\/2015\/05\/17-170x300.jpg 170w, https:\/\/www.emmaducher.com\/blog\/wp-content\/uploads\/2015\/05\/17-580x1024.jpg 580w\" sizes=\"(max-width: 709px) 85vw, (max-width: 909px) 67vw, (max-width: 984px) 61vw, (max-width: 1362px) 45vw, 600px\" \/><\/p>\n<p>Tout \u00e9tait impeccable, des chambres au petit d\u00e9jeuner, en passant par la boutique craquante !<br \/>\nNous quittons <a href=\"http:\/\/www.leschweighof.fr\/\">Le Schweighof<\/a> avec la ferme envie de revenir, on s&rsquo;y voit bien plusieurs jours pour poursuivre la d\u00e9couverte de la r\u00e9gion.<br \/>\nEncore merci pour cet accueil chaleureux Emilie.<br \/>\nProchaine \u00e9tape du week-end : Vitra Design Museum et Vitra Haus &#8230;<\/p>\n","protected":false},"excerpt":{"rendered":"<p>Notre week-end franco-germano-suisse nous a permis de tester Le Schweighof, cette chambre d&rsquo;h\u00f4tes que j&rsquo;avais rep\u00e9r\u00e9e depuis un petit moment.<\/p>\n","protected":false},"author":1,"featured_media":10235,"comment_status":"open","ping_status":"open","sticky":false,"template":"","format":"standard","meta":[],"categories":[83],"tags":[108],"_links":{"self":[{"href":"https:\/\/www.emmaducher.com\/blog\/wp-json\/wp\/v2\/posts\/9259"}],"collection":[{"href":"https:\/\/www.emmaducher.com\/blog\/wp-json\/wp\/v2\/posts"}],"about":[{"href":"https:\/\/www.emmaducher.com\/blog\/wp-json\/wp\/v2\/types\/post"}],"author":[{"embeddable":true,"href":"https:\/\/www.emmaducher.com\/blog\/wp-json\/wp\/v2\/users\/1"}],"replies":[{"embeddable":true,"href":"https:\/\/www.emmaducher.com\/blog\/wp-json\/wp\/v2\/comments?post=9259"}],"version-history":[{"count":13,"href":"https:\/\/www.emmaducher.com\/blog\/wp-json\/wp\/v2\/posts\/9259\/revisions"}],"predecessor-version":[{"id":10133,"href":"https:\/\/www.emmaducher.com\/blog\/wp-json\/wp\/v2\/posts\/9259\/revisions\/10133"}],"wp:featuredmedia":[{"embeddable":true,"href":"https:\/\/www.emmaducher.com\/blog\/wp-json\/wp\/v2\/media\/10235"}],"wp:attachment":[{"href":"https:\/\/www.emmaducher.com\/blog\/wp-json\/wp\/v2\/media?parent=9259"}],"wp:term":[{"taxonomy":"category","embeddable":true,"href":"https:\/\/www.emmaducher.com\/blog\/wp-json\/wp\/v2\/categories?post=9259"},{"taxonomy":"post_tag","embeddable":true,"href":"https:\/\/www.emmaducher.com\/blog\/wp-json\/wp\/v2\/tags?post=9259"}],"curies":[{"name":"wp","href":"https:\/\/api.w.org\/{rel}","templated":true}]}}