 
{"id":9432,"date":"2015-09-01T17:54:25","date_gmt":"2015-09-01T16:54:25","guid":{"rendered":"http:\/\/www.encreviolette.fr\/?p=9432"},"modified":"2016-03-09T22:50:37","modified_gmt":"2016-03-09T21:50:37","slug":"balade-a-kelerdut","status":"publish","type":"post","link":"https:\/\/www.emmaducher.com\/blog\/2015\/09\/balade-a-kelerdut\/","title":{"rendered":"balade \u00e0 Kelerdut (Finist\u00e8re Nord)"},"content":{"rendered":"<p><img loading=\"lazy\" class=\"alignnone size-large wp-image-9434\" src=\"\/\/www.emmaducher.com\/blog\/wp-content\/uploads\/2015\/09\/couv1-700x536.jpg\" alt=\"\" width=\"700\" height=\"536\" \/><\/p>\n<p>La Bretagne, et surtout un petit coin du Finist\u00e8re Nord est un incontournable chaque \u00e9t\u00e9. Gr\u00e2ce \u00e0 une belle histoire familiale maternelle, nous pouvons profiter de ce cadre merveilleux et je crois que j&rsquo;ai transmis \u00e0 mes enfants ce besoin annuel d&rsquo;iode breton !<\/p>\n<p><!--more--><br \/>\nNon loin de notre point de chute habituel dans le Finist\u00e8re s&rsquo;est implant\u00e9, en 2006, <a href=\"http:\/\/www.hoalen.com\/fr\/content\/11-ocean-store-kelerdut-surf-shop\">l&rsquo;Ocean Store Hoalen<\/a>.<br \/>\nJe ne suis ni une grande sportive et encore moins une surfeuse, mais le lieu est un tr\u00e8s chouette but de balade.<\/p>\n<p><img loading=\"lazy\" class=\"alignnone size-full wp-image-9435\" src=\"\/\/www.emmaducher.com\/blog\/wp-content\/uploads\/2015\/09\/p1000545.jpg\" alt=\"\" width=\"700\" height=\"578\" srcset=\"https:\/\/www.emmaducher.com\/blog\/wp-content\/uploads\/2015\/09\/p1000545.jpg 700w, https:\/\/www.emmaducher.com\/blog\/wp-content\/uploads\/2015\/09\/p1000545-300x248.jpg 300w\" sizes=\"(max-width: 709px) 85vw, (max-width: 909px) 67vw, (max-width: 984px) 61vw, (max-width: 1362px) 45vw, 600px\" \/><\/p>\n<p>Avec une vue imprenable sur le <a href=\"http:\/\/www.plouguerneau.fr\/les-phares.htm\">Phare de l&rsquo;Ile Vierge<\/a> (mon phare pr\u00e9f\u00e9r\u00e9, depuis toujours -oui, je suis une phare-addict-), et une ambiance musicale lounge, on peut grignoter et boire un verre dans les chaises longues ou les confortables banquettes, quasiment les pieds dans l&rsquo;eau !<br \/>\nHoalen s&rsquo;est install\u00e9 dans un ancien hangar \u00e0 bateaux \u00e0 Kelerdut, et propose, en plus de sa collection de v\u00eatements (surf &amp; plage), un coffee-shop, une librairie et des \u00e9v\u00e8nements tout au long de l&rsquo;ann\u00e9e.<\/p>\n<p><img loading=\"lazy\" class=\"alignnone size-full wp-image-9436\" src=\"\/\/www.emmaducher.com\/blog\/wp-content\/uploads\/2015\/09\/p1000544.jpg\" alt=\"\" width=\"700\" height=\"515\" srcset=\"https:\/\/www.emmaducher.com\/blog\/wp-content\/uploads\/2015\/09\/p1000544.jpg 700w, https:\/\/www.emmaducher.com\/blog\/wp-content\/uploads\/2015\/09\/p1000544-300x221.jpg 300w\" sizes=\"(max-width: 709px) 85vw, (max-width: 909px) 67vw, (max-width: 984px) 61vw, (max-width: 1362px) 45vw, 600px\" \/><\/p>\n<p><img loading=\"lazy\" class=\"alignnone size-full wp-image-9437\" src=\"\/\/www.emmaducher.com\/blog\/wp-content\/uploads\/2015\/09\/p1000547.jpg\" alt=\"\" width=\"700\" height=\"551\" srcset=\"https:\/\/www.emmaducher.com\/blog\/wp-content\/uploads\/2015\/09\/p1000547.jpg 700w, https:\/\/www.emmaducher.com\/blog\/wp-content\/uploads\/2015\/09\/p1000547-300x236.jpg 300w\" sizes=\"(max-width: 709px) 85vw, (max-width: 909px) 67vw, (max-width: 984px) 61vw, (max-width: 1362px) 45vw, 600px\" \/><\/p>\n<p><img loading=\"lazy\" class=\"alignnone size-full wp-image-9438\" src=\"\/\/www.emmaducher.com\/blog\/wp-content\/uploads\/2015\/09\/p1000555.jpg\" alt=\"\" width=\"700\" height=\"734\" srcset=\"https:\/\/www.emmaducher.com\/blog\/wp-content\/uploads\/2015\/09\/p1000555.jpg 700w, https:\/\/www.emmaducher.com\/blog\/wp-content\/uploads\/2015\/09\/p1000555-286x300.jpg 286w\" sizes=\"(max-width: 709px) 85vw, (max-width: 909px) 67vw, (max-width: 984px) 61vw, (max-width: 1362px) 45vw, 600px\" \/><\/p>\n<p><img loading=\"lazy\" class=\"alignnone size-full wp-image-9439\" src=\"\/\/www.emmaducher.com\/blog\/wp-content\/uploads\/2015\/09\/p1000550.jpg\" alt=\"\" width=\"700\" height=\"771\" srcset=\"https:\/\/www.emmaducher.com\/blog\/wp-content\/uploads\/2015\/09\/p1000550.jpg 700w, https:\/\/www.emmaducher.com\/blog\/wp-content\/uploads\/2015\/09\/p1000550-272x300.jpg 272w\" sizes=\"(max-width: 709px) 85vw, (max-width: 909px) 67vw, (max-width: 984px) 61vw, (max-width: 1362px) 45vw, 600px\" \/><\/p>\n<p><img loading=\"lazy\" class=\"alignnone size-full wp-image-9440\" src=\"\/\/www.emmaducher.com\/blog\/wp-content\/uploads\/2015\/09\/p1000566.jpg\" alt=\"\" width=\"700\" height=\"432\" srcset=\"https:\/\/www.emmaducher.com\/blog\/wp-content\/uploads\/2015\/09\/p1000566.jpg 700w, https:\/\/www.emmaducher.com\/blog\/wp-content\/uploads\/2015\/09\/p1000566-300x185.jpg 300w\" sizes=\"(max-width: 709px) 85vw, (max-width: 909px) 67vw, (max-width: 984px) 61vw, (max-width: 1362px) 45vw, 600px\" \/><\/p>\n<p><img loading=\"lazy\" class=\"alignnone size-full wp-image-9441\" src=\"\/\/www.emmaducher.com\/blog\/wp-content\/uploads\/2015\/09\/p1000563.jpg\" alt=\"\" width=\"700\" height=\"513\" srcset=\"https:\/\/www.emmaducher.com\/blog\/wp-content\/uploads\/2015\/09\/p1000563.jpg 700w, https:\/\/www.emmaducher.com\/blog\/wp-content\/uploads\/2015\/09\/p1000563-300x220.jpg 300w\" sizes=\"(max-width: 709px) 85vw, (max-width: 909px) 67vw, (max-width: 984px) 61vw, (max-width: 1362px) 45vw, 600px\" \/><\/p>\n<p style=\"text-align: center;\"><strong>Prochaine \u00e9tape : on traverse la Manche et on va marcher sur le chemin c\u00f4tier de Torquay, en Grande-Bretagne.<\/strong><\/p>\n","protected":false},"excerpt":{"rendered":"<p>La Bretagne, et surtout un petit coin du Finist\u00e8re Nord est un incontournable chaque \u00e9t\u00e9. Gr\u00e2ce \u00e0 une belle histoire familiale maternelle, nous pouvons profiter de ce cadre merveilleux et je crois que j&rsquo;ai transmis \u00e0 mes enfants ce besoin annuel d&rsquo;iode breton !<\/p>\n","protected":false},"author":1,"featured_media":9441,"comment_status":"open","ping_status":"open","sticky":false,"template":"","format":"standard","meta":[],"categories":[83],"tags":[108],"_links":{"self":[{"href":"https:\/\/www.emmaducher.com\/blog\/wp-json\/wp\/v2\/posts\/9432"}],"collection":[{"href":"https:\/\/www.emmaducher.com\/blog\/wp-json\/wp\/v2\/posts"}],"about":[{"href":"https:\/\/www.emmaducher.com\/blog\/wp-json\/wp\/v2\/types\/post"}],"author":[{"embeddable":true,"href":"https:\/\/www.emmaducher.com\/blog\/wp-json\/wp\/v2\/users\/1"}],"replies":[{"embeddable":true,"href":"https:\/\/www.emmaducher.com\/blog\/wp-json\/wp\/v2\/comments?post=9432"}],"version-history":[{"count":9,"href":"https:\/\/www.emmaducher.com\/blog\/wp-json\/wp\/v2\/posts\/9432\/revisions"}],"predecessor-version":[{"id":10121,"href":"https:\/\/www.emmaducher.com\/blog\/wp-json\/wp\/v2\/posts\/9432\/revisions\/10121"}],"wp:featuredmedia":[{"embeddable":true,"href":"https:\/\/www.emmaducher.com\/blog\/wp-json\/wp\/v2\/media\/9441"}],"wp:attachment":[{"href":"https:\/\/www.emmaducher.com\/blog\/wp-json\/wp\/v2\/media?parent=9432"}],"wp:term":[{"taxonomy":"category","embeddable":true,"href":"https:\/\/www.emmaducher.com\/blog\/wp-json\/wp\/v2\/categories?post=9432"},{"taxonomy":"post_tag","embeddable":true,"href":"https:\/\/www.emmaducher.com\/blog\/wp-json\/wp\/v2\/tags?post=9432"}],"curies":[{"name":"wp","href":"https:\/\/api.w.org\/{rel}","templated":true}]}}