 
{"id":9572,"date":"2015-09-27T19:40:18","date_gmt":"2015-09-27T18:40:18","guid":{"rendered":"http:\/\/www.encreviolette.fr\/?p=9572"},"modified":"2016-03-09T22:36:43","modified_gmt":"2016-03-09T21:36:43","slug":"pays-bas-2-de-hoge-de-veluwe-le-musee-kroller-muller","status":"publish","type":"post","link":"https:\/\/www.emmaducher.com\/blog\/2015\/09\/pays-bas-2-de-hoge-de-veluwe-le-musee-kroller-muller\/","title":{"rendered":"Pays-Bas #2 (de Hoge Veluwe &#038; le Mus\u00e9e Kr\u00f6ller-M\u00fcller)"},"content":{"rendered":"<p><img loading=\"lazy\" class=\"alignnone size-large wp-image-9578\" src=\"\/\/www.emmaducher.com\/blog\/wp-content\/uploads\/2015\/09\/couv2-700x966.jpg\" alt=\"\" width=\"700\" height=\"966\" \/><\/p>\n<p>Au d\u00e9tour d&rsquo;une discussion sur <a href=\"https:\/\/instagram.com\/encre_violette\/\">Instagram<\/a>, on nous a conseill\u00e9 d&rsquo;aller visiter <a href=\"http:\/\/krollermuller.nl\/fr?gclid=CJ3u9IWtksgCFYTnGwod9rcAJw\">le Mus\u00e9e Kr\u00f6ller M\u00fcller<\/a> (merci Marodesigns si tu passes par l\u00e0 !). On cherche quelques infos sur le lieu, la distance par rapport \u00e0 notre airbnb et nous partons d\u00e9couvrir ce mus\u00e9e.<\/p>\n<p><!--more--><br \/>\nLe Mus\u00e9e est au coeur d&rsquo;un Parc National, <a href=\"http:\/\/krollermuller.nl\/fr\/le-parc-national-de-hoge-veluwe\">de Hoge Veluwe<\/a>, dans lequel il faut passer la journ\u00e9e absolument !<br \/>\nAux 3 entr\u00e9es du parc, pr\u00e8s du mus\u00e9e et pr\u00e8s du centre d&rsquo;informations, on peut emprunter gratuitement une des 1800 bicyclettes blanches mises \u00e0 disposition pour parcourir le domaine sur les 40 km de pistes cyclables.<br \/>\nLe couple Helene Kr\u00f6ller-M\u00fcller et Anton Kr\u00f6ller ont fait donation \u00e0 l&rsquo;\u00c9tat n\u00e9erlandais d&rsquo;une importante collection d&rsquo;oeuvres d&rsquo;art acquises \u00e0 partir de 1907. Cette collection comprend des \u0153uvres des courants modernes, du r\u00e9alisme \u00e0 l&rsquo;art abstrait : 800 tableaux (dont 90 de Van Gogh) et 275 sculptures.<br \/>\nLa collection compte \u00e9galement des \u0153uvres de Picasso, Seurat, Monet\u00a0ou encore Mondrian. Le mus\u00e9e date de 1938 et \u00e0 \u00e9t\u00e9 con\u00e7u par l&rsquo;architecte belge\u00a0Henry Van de Velde (un de mes chouchous !). La nature et la lumi\u00e8re entrent partout, et les larges baies vitr\u00e9es sont \u00e0 elles seules de v\u00e9ritables tableaux sur la nature.<br \/>\nCe superbe mus\u00e9e nous a fait penser au sublime <a href=\"http:\/\/www.emmaducher.com\/blog\/2012\/10\/copenhague-3\/\">Louisiana, au Danemark<\/a>, m\u00eame rapport au paysage, m\u00eames influences. Dans le parc du mus\u00e9e, on peut admirer un jardin de sculptures (Buffet, Rodin, Moore &#8230;) que les enfants ont ador\u00e9.<\/p>\n<p><img loading=\"lazy\" class=\"alignnone size-large wp-image-9593\" src=\"\/\/www.emmaducher.com\/blog\/wp-content\/uploads\/2015\/09\/p1010042-700x542.jpg\" alt=\"\" width=\"700\" height=\"542\" \/><\/p>\n<p><img loading=\"lazy\" class=\"alignnone size-large wp-image-9588\" src=\"\/\/www.emmaducher.com\/blog\/wp-content\/uploads\/2015\/09\/p1010075-700x465.jpg\" alt=\"\" width=\"700\" height=\"465\" \/><\/p>\n<p><img loading=\"lazy\" class=\"alignnone size-large wp-image-9589\" src=\"\/\/www.emmaducher.com\/blog\/wp-content\/uploads\/2015\/09\/p1010077-700x535.jpg\" alt=\"\" width=\"700\" height=\"535\" \/><\/p>\n<p><img loading=\"lazy\" class=\"alignnone size-large wp-image-9587\" src=\"\/\/www.emmaducher.com\/blog\/wp-content\/uploads\/2015\/09\/p1010070-700x529.jpg\" alt=\"\" width=\"700\" height=\"529\" \/><\/p>\n<p><img loading=\"lazy\" class=\"alignnone size-large wp-image-9586\" src=\"\/\/www.emmaducher.com\/blog\/wp-content\/uploads\/2015\/09\/p1010067-700x662.jpg\" alt=\"\" width=\"700\" height=\"662\" \/><\/p>\n<p><img loading=\"lazy\" class=\"alignnone size-large wp-image-9585\" src=\"\/\/www.emmaducher.com\/blog\/wp-content\/uploads\/2015\/09\/p1010066-684x1023.jpg\" alt=\"\" width=\"684\" height=\"1023\" \/><\/p>\n<p><img loading=\"lazy\" class=\"alignnone size-large wp-image-9584\" src=\"\/\/www.emmaducher.com\/blog\/wp-content\/uploads\/2015\/09\/p1010065-700x521.jpg\" alt=\"\" width=\"700\" height=\"521\" \/><\/p>\n<p><img loading=\"lazy\" class=\"alignnone size-large wp-image-9582\" src=\"\/\/www.emmaducher.com\/blog\/wp-content\/uploads\/2015\/09\/p1010051-700x550.jpg\" alt=\"\" width=\"700\" height=\"550\" \/><\/p>\n<p><img loading=\"lazy\" class=\"alignnone size-large wp-image-9592\" src=\"\/\/www.emmaducher.com\/blog\/wp-content\/uploads\/2015\/09\/p1010108-700x525.jpg\" alt=\"\" width=\"700\" height=\"525\" srcset=\"https:\/\/www.emmaducher.com\/blog\/wp-content\/uploads\/2015\/09\/p1010108-700x525.jpg 700w, https:\/\/www.emmaducher.com\/blog\/wp-content\/uploads\/2015\/09\/p1010108-300x225.jpg 300w, https:\/\/www.emmaducher.com\/blog\/wp-content\/uploads\/2015\/09\/p1010108-1200x901.jpg 1200w, https:\/\/www.emmaducher.com\/blog\/wp-content\/uploads\/2015\/09\/p1010108.jpg 2000w\" sizes=\"(max-width: 709px) 85vw, (max-width: 909px) 67vw, (max-width: 984px) 61vw, (max-width: 1362px) 45vw, 600px\" \/><\/p>\n<p><img loading=\"lazy\" class=\"alignnone size-large wp-image-9591\" src=\"\/\/www.emmaducher.com\/blog\/wp-content\/uploads\/2015\/09\/p1010107-700x946.jpg\" alt=\"\" width=\"700\" height=\"946\" srcset=\"https:\/\/www.emmaducher.com\/blog\/wp-content\/uploads\/2015\/09\/p1010107-700x946.jpg 700w, https:\/\/www.emmaducher.com\/blog\/wp-content\/uploads\/2015\/09\/p1010107-222x300.jpg 222w, https:\/\/www.emmaducher.com\/blog\/wp-content\/uploads\/2015\/09\/p1010107-1200x1622.jpg 1200w, https:\/\/www.emmaducher.com\/blog\/wp-content\/uploads\/2015\/09\/p1010107.jpg 2000w\" sizes=\"(max-width: 709px) 85vw, (max-width: 909px) 67vw, (max-width: 984px) 61vw, (max-width: 1362px) 45vw, 600px\" \/><\/p>\n<p><img loading=\"lazy\" class=\"alignnone size-large wp-image-9590\" src=\"\/\/www.emmaducher.com\/blog\/wp-content\/uploads\/2015\/09\/p1010093-700x1016.jpg\" alt=\"\" width=\"700\" height=\"1016\" \/><\/p>\n<p>Le couple Kr\u00f6ller-M\u00fcller acquiert 5 500 hectares d&rsquo;un site malmen\u00e9 par les temp\u00eates du d\u00e9but du XXe si\u00e8cle.<br \/>\nIls cl\u00f4turent le domaine et r\u00e9introduisent faune et flore. Aujourd&rsquo;hui c&rsquo;est un ensemble prot\u00e9g\u00e9 de bois, de bruy\u00e8res, de plaines herbeuses et de dunes remodel\u00e9es par les vents. Le parc est \u00e9galement l\u2019habitat de cerfs, de mouflons et de sangliers.<br \/>\nV\u00e9ritable laboratoire et observatoire de la nature et des \u00e9cosyst\u00e8mes, le domaine est devenu une r\u00e9f\u00e9rence pour de nombreux grands parcs p\u00e9ri-urbains qui basent leur concept sur la nature et l&rsquo;\u00e9cologie.<\/p>\n<p><img loading=\"lazy\" class=\"alignnone size-large wp-image-9576\" src=\"\/\/www.emmaducher.com\/blog\/wp-content\/uploads\/2015\/09\/p10101331-700x525.jpg\" alt=\"\" width=\"700\" height=\"525\" \/><\/p>\n<p><img loading=\"lazy\" class=\"alignnone size-large wp-image-9599\" src=\"\/\/www.emmaducher.com\/blog\/wp-content\/uploads\/2015\/09\/p1010118-700x525.jpg\" alt=\"\" width=\"700\" height=\"525\" \/><\/p>\n<p><img loading=\"lazy\" class=\"alignnone size-large wp-image-9598\" src=\"\/\/www.emmaducher.com\/blog\/wp-content\/uploads\/2015\/09\/p1010117-700x891.jpg\" alt=\"\" width=\"700\" height=\"891\" srcset=\"https:\/\/www.emmaducher.com\/blog\/wp-content\/uploads\/2015\/09\/p1010117-700x891.jpg 700w, https:\/\/www.emmaducher.com\/blog\/wp-content\/uploads\/2015\/09\/p1010117-236x300.jpg 236w, https:\/\/www.emmaducher.com\/blog\/wp-content\/uploads\/2015\/09\/p1010117-1200x1528.jpg 1200w, https:\/\/www.emmaducher.com\/blog\/wp-content\/uploads\/2015\/09\/p1010117.jpg 2000w\" sizes=\"(max-width: 709px) 85vw, (max-width: 909px) 67vw, (max-width: 984px) 61vw, (max-width: 1362px) 45vw, 600px\" \/><\/p>\n<p><img loading=\"lazy\" class=\"alignnone size-large wp-image-9597\" src=\"\/\/www.emmaducher.com\/blog\/wp-content\/uploads\/2015\/09\/p1010115-700x530.jpg\" alt=\"\" width=\"700\" height=\"530\" srcset=\"https:\/\/www.emmaducher.com\/blog\/wp-content\/uploads\/2015\/09\/p1010115-700x530.jpg 700w, https:\/\/www.emmaducher.com\/blog\/wp-content\/uploads\/2015\/09\/p1010115-300x227.jpg 300w, https:\/\/www.emmaducher.com\/blog\/wp-content\/uploads\/2015\/09\/p1010115-1200x909.jpg 1200w, https:\/\/www.emmaducher.com\/blog\/wp-content\/uploads\/2015\/09\/p1010115.jpg 2000w\" sizes=\"(max-width: 709px) 85vw, (max-width: 909px) 67vw, (max-width: 984px) 61vw, (max-width: 1362px) 45vw, 600px\" \/><\/p>\n<p>Le Sint Hubertusslot, ou pavillon St Hubert, est un b\u00e2timent con\u00e7u par l&rsquo;architecte Hendrik Petrus Berlage pour la famille Kr\u00f6ller M\u00fcller. Ce pavillon de chasse se visite sur rendez-vous, et il nous faudra donc revenir pour d\u00e9couvrir cette belle demeure des ann\u00e9es 30 qui offrait tout le confort moderne, y compris un ascenseur pour atteindre le sommet de la tour, point de sym\u00e9trie de l&rsquo;ensemble.<\/p>\n<p><img loading=\"lazy\" class=\"alignnone size-large wp-image-9600\" src=\"\/\/www.emmaducher.com\/blog\/wp-content\/uploads\/2015\/09\/p1010122-700x542.jpg\" alt=\"\" width=\"700\" height=\"542\" \/><\/p>\n<p><img loading=\"lazy\" class=\"alignnone size-large wp-image-9601\" src=\"\/\/www.emmaducher.com\/blog\/wp-content\/uploads\/2015\/09\/p1010124-700x826.jpg\" alt=\"\" width=\"700\" height=\"826\" srcset=\"https:\/\/www.emmaducher.com\/blog\/wp-content\/uploads\/2015\/09\/p1010124-700x826.jpg 700w, https:\/\/www.emmaducher.com\/blog\/wp-content\/uploads\/2015\/09\/p1010124-254x300.jpg 254w, https:\/\/www.emmaducher.com\/blog\/wp-content\/uploads\/2015\/09\/p1010124-1200x1416.jpg 1200w, https:\/\/www.emmaducher.com\/blog\/wp-content\/uploads\/2015\/09\/p1010124.jpg 2000w\" sizes=\"(max-width: 709px) 85vw, (max-width: 909px) 67vw, (max-width: 984px) 61vw, (max-width: 1362px) 45vw, 600px\" \/><\/p>\n<p style=\"text-align: center;\">De Hoge Veluwe est un lieu incontournable aux Pays-Bas.<br \/>\nBallade en v\u00e9lo, mus\u00e9e fabuleux, nature vari\u00e9e et pr\u00e9serv\u00e9e, toute la famille y a trouv\u00e9 son compte, les enfants en parlent encore !<\/p>\n<p><strong>Prochaine \u00e9tape &#8230; Nijmegen, une ville hollandaise \u00e0 la fronti\u00e8re de l&rsquo;Allemagne, une belle d\u00e9couverte !<\/strong><\/p>\n","protected":false},"excerpt":{"rendered":"<p>Au d\u00e9tour d&rsquo;une discussion sur Instagram, on nous a conseill\u00e9 d&rsquo;aller visiter le Mus\u00e9e Kr\u00f6ller M\u00fcller (merci Marodesigns si tu passes par l\u00e0 !). On cherche quelques infos sur le lieu, la distance par rapport \u00e0 notre airbnb et nous partons d\u00e9couvrir ce mus\u00e9e.<\/p>\n","protected":false},"author":1,"featured_media":9593,"comment_status":"open","ping_status":"open","sticky":false,"template":"","format":"standard","meta":[],"categories":[83],"tags":[108],"_links":{"self":[{"href":"https:\/\/www.emmaducher.com\/blog\/wp-json\/wp\/v2\/posts\/9572"}],"collection":[{"href":"https:\/\/www.emmaducher.com\/blog\/wp-json\/wp\/v2\/posts"}],"about":[{"href":"https:\/\/www.emmaducher.com\/blog\/wp-json\/wp\/v2\/types\/post"}],"author":[{"embeddable":true,"href":"https:\/\/www.emmaducher.com\/blog\/wp-json\/wp\/v2\/users\/1"}],"replies":[{"embeddable":true,"href":"https:\/\/www.emmaducher.com\/blog\/wp-json\/wp\/v2\/comments?post=9572"}],"version-history":[{"count":29,"href":"https:\/\/www.emmaducher.com\/blog\/wp-json\/wp\/v2\/posts\/9572\/revisions"}],"predecessor-version":[{"id":10110,"href":"https:\/\/www.emmaducher.com\/blog\/wp-json\/wp\/v2\/posts\/9572\/revisions\/10110"}],"wp:featuredmedia":[{"embeddable":true,"href":"https:\/\/www.emmaducher.com\/blog\/wp-json\/wp\/v2\/media\/9593"}],"wp:attachment":[{"href":"https:\/\/www.emmaducher.com\/blog\/wp-json\/wp\/v2\/media?parent=9572"}],"wp:term":[{"taxonomy":"category","embeddable":true,"href":"https:\/\/www.emmaducher.com\/blog\/wp-json\/wp\/v2\/categories?post=9572"},{"taxonomy":"post_tag","embeddable":true,"href":"https:\/\/www.emmaducher.com\/blog\/wp-json\/wp\/v2\/tags?post=9572"}],"curies":[{"name":"wp","href":"https:\/\/api.w.org\/{rel}","templated":true}]}}