 
{"id":963,"date":"2009-01-20T11:01:05","date_gmt":"2009-01-20T10:01:05","guid":{"rendered":"http:\/\/www.encreviolette.fr\/?p=963"},"modified":"2009-01-21T20:01:04","modified_gmt":"2009-01-21T19:01:04","slug":"boucles-doreilles-en-retard","status":"publish","type":"post","link":"https:\/\/www.emmaducher.com\/blog\/2009\/01\/boucles-doreilles-en-retard\/","title":{"rendered":"boucles d&rsquo;oreilles en retard"},"content":{"rendered":"<p>Sur une id\u00e9e d&rsquo;<a href=\"http:\/\/annefleur38.canalblog.com\/archives\/2009\/01\/19\/12138261.html#comments\">Anne<\/a>, voici une paire de boucles d&rsquo;oreilles que j&rsquo;adore porter, elles vont avec tout!<br \/>\nJe ne crois pas avoir de bijoux pr\u00e9f\u00e9r\u00e9 (\u00e0 part des \u00ab\u00a0vraies\u00a0\u00bb bagues que je ne quitte jamais!),\u00a0juste des envies qui changent selon les jours&#8230;<\/p>\n<p style=\"text-align: center;\"><img loading=\"lazy\" class=\"alignnone size-full wp-image-964\" title=\"bo\" src=\"\/\/www.emmaducher.com\/blog\/wp-content\/uploads\/2009\/01\/bo.jpg\" alt=\"\" width=\"300\" height=\"451\" srcset=\"https:\/\/www.emmaducher.com\/blog\/wp-content\/uploads\/2009\/01\/bo.jpg 300w, https:\/\/www.emmaducher.com\/blog\/wp-content\/uploads\/2009\/01\/bo-200x300.jpg 200w\" sizes=\"(max-width: 300px) 85vw, 300px\" \/><\/p>\n<address>Mod\u00e8le perso, Fournitures <a href=\"http:\/\/tricots-de-la-droguerie.fr\/\">la Droguerie<\/a>, je les ai faites aussi en vieux cuivre, pour un cadeau, donc pas de photo!<\/address>\n","protected":false},"excerpt":{"rendered":"<p>Sur une id\u00e9e d&rsquo;Anne, voici une paire de boucles d&rsquo;oreilles que j&rsquo;adore porter, elles vont avec tout! Je ne crois pas avoir de bijoux pr\u00e9f\u00e9r\u00e9 (\u00e0 part des \u00ab\u00a0vraies\u00a0\u00bb bagues que je ne quitte jamais!),\u00a0juste des envies qui changent selon les jours&#8230; Mod\u00e8le perso, Fournitures la Droguerie, je les ai faites aussi en vieux cuivre, &hellip; <a href=\"https:\/\/www.emmaducher.com\/blog\/2009\/01\/boucles-doreilles-en-retard\/\" class=\"more-link\">Continuer la lecture<span class=\"screen-reader-text\"> de &laquo;&nbsp;boucles d&rsquo;oreilles en retard&nbsp;&raquo;<\/span><\/a><\/p>\n","protected":false},"author":1,"featured_media":0,"comment_status":"open","ping_status":"open","sticky":false,"template":"","format":"standard","meta":[],"categories":[69],"tags":[],"_links":{"self":[{"href":"https:\/\/www.emmaducher.com\/blog\/wp-json\/wp\/v2\/posts\/963"}],"collection":[{"href":"https:\/\/www.emmaducher.com\/blog\/wp-json\/wp\/v2\/posts"}],"about":[{"href":"https:\/\/www.emmaducher.com\/blog\/wp-json\/wp\/v2\/types\/post"}],"author":[{"embeddable":true,"href":"https:\/\/www.emmaducher.com\/blog\/wp-json\/wp\/v2\/users\/1"}],"replies":[{"embeddable":true,"href":"https:\/\/www.emmaducher.com\/blog\/wp-json\/wp\/v2\/comments?post=963"}],"version-history":[{"count":0,"href":"https:\/\/www.emmaducher.com\/blog\/wp-json\/wp\/v2\/posts\/963\/revisions"}],"wp:attachment":[{"href":"https:\/\/www.emmaducher.com\/blog\/wp-json\/wp\/v2\/media?parent=963"}],"wp:term":[{"taxonomy":"category","embeddable":true,"href":"https:\/\/www.emmaducher.com\/blog\/wp-json\/wp\/v2\/categories?post=963"},{"taxonomy":"post_tag","embeddable":true,"href":"https:\/\/www.emmaducher.com\/blog\/wp-json\/wp\/v2\/tags?post=963"}],"curies":[{"name":"wp","href":"https:\/\/api.w.org\/{rel}","templated":true}]}}