 
{"id":988,"date":"2009-02-13T00:05:48","date_gmt":"2009-02-12T23:05:48","guid":{"rendered":"http:\/\/www.encreviolette.fr\/?p=988"},"modified":"2016-03-13T16:44:10","modified_gmt":"2016-03-13T15:44:10","slug":"vendredi-13","status":"publish","type":"post","link":"https:\/\/www.emmaducher.com\/blog\/2009\/02\/vendredi-13\/","title":{"rendered":"vendredi 13 et Tricot&rsquo;13"},"content":{"rendered":"<p>Sacr\u00e9 Trico&rsquo;treize ce mois-ci!<br \/>\nun vendredi&#8230; on ne pouvait pas esp\u00e9rer mieux pour conjurer le sort&#8230;<\/p>\n<p>J&rsquo;aurais pu insister encore plus lourdement en tricotant un chat noir, et puis non, j&rsquo;ai choisi d&rsquo;autres couleurs d&rsquo;alpaga ch\u00e9ri!<br \/>\nMais bon, un chat quand m\u00eame, on rigole pas avec un Trico&rsquo;treize qui tombe un vendredi.<\/p>\n<p>Du jacquard donc ce mois-ci, et j&rsquo;avoue m&rsquo;\u00eatre battue avec mes fils tendus\/pas tendus, mes mailles crois\u00e9es\/pas crois\u00e9es, le chat se voyait bien finir en boule au fond du sac \u00e0 ouvrages en cours, tant il a \u00e9t\u00e9 d\u00e9tricot\u00e9!<\/p>\n<p style=\"text-align: center;\"><img loading=\"lazy\" class=\"size-full wp-image-1033 aligncenter\" title=\"trico13\" src=\"\/\/www.emmaducher.com\/blog\/wp-content\/uploads\/2009\/02\/trico13.jpg\" alt=\"trico13\" width=\"450\" height=\"850\" srcset=\"https:\/\/www.emmaducher.com\/blog\/wp-content\/uploads\/2009\/02\/trico13.jpg 450w, https:\/\/www.emmaducher.com\/blog\/wp-content\/uploads\/2009\/02\/trico13-159x300.jpg 159w\" sizes=\"(max-width: 450px) 85vw, 450px\" \/><br \/>\nMod\u00e8le et fournitures<a href=\"http:\/\/tricots-de-la-droguerie.fr\/\"> la Droguerie<\/a>,<br \/>\npull et chaussons taille 3 mois,\u00a0 mod\u00e8les dans le livre \u00ab\u00a0des b\u00e9b\u00e9s toute l&rsquo;ann\u00e9e \u00e0 la Droguerie\u00a0\u00bb<br \/>\nAlpaga coloris Falaise, Aster et Tourbe (le fameux Tourbe trop joli&#8230;!).<\/p>\n","protected":false},"excerpt":{"rendered":"<p>Sacr\u00e9 Trico&rsquo;treize ce mois-ci! un vendredi&#8230; on ne pouvait pas esp\u00e9rer mieux pour conjurer le sort&#8230; J&rsquo;aurais pu insister encore plus lourdement en tricotant un chat noir, et puis non, j&rsquo;ai choisi d&rsquo;autres couleurs d&rsquo;alpaga ch\u00e9ri! Mais bon, un chat quand m\u00eame, on rigole pas avec un Trico&rsquo;treize qui tombe un vendredi. Du jacquard donc &hellip; <a href=\"https:\/\/www.emmaducher.com\/blog\/2009\/02\/vendredi-13\/\" class=\"more-link\">Continuer la lecture<span class=\"screen-reader-text\"> de &laquo;&nbsp;vendredi 13 et Tricot&rsquo;13&nbsp;&raquo;<\/span><\/a><\/p>\n","protected":false},"author":1,"featured_media":10444,"comment_status":"open","ping_status":"open","sticky":false,"template":"","format":"standard","meta":[],"categories":[70],"tags":[113],"_links":{"self":[{"href":"https:\/\/www.emmaducher.com\/blog\/wp-json\/wp\/v2\/posts\/988"}],"collection":[{"href":"https:\/\/www.emmaducher.com\/blog\/wp-json\/wp\/v2\/posts"}],"about":[{"href":"https:\/\/www.emmaducher.com\/blog\/wp-json\/wp\/v2\/types\/post"}],"author":[{"embeddable":true,"href":"https:\/\/www.emmaducher.com\/blog\/wp-json\/wp\/v2\/users\/1"}],"replies":[{"embeddable":true,"href":"https:\/\/www.emmaducher.com\/blog\/wp-json\/wp\/v2\/comments?post=988"}],"version-history":[{"count":10,"href":"https:\/\/www.emmaducher.com\/blog\/wp-json\/wp\/v2\/posts\/988\/revisions"}],"predecessor-version":[{"id":1037,"href":"https:\/\/www.emmaducher.com\/blog\/wp-json\/wp\/v2\/posts\/988\/revisions\/1037"}],"wp:featuredmedia":[{"embeddable":true,"href":"https:\/\/www.emmaducher.com\/blog\/wp-json\/wp\/v2\/media\/10444"}],"wp:attachment":[{"href":"https:\/\/www.emmaducher.com\/blog\/wp-json\/wp\/v2\/media?parent=988"}],"wp:term":[{"taxonomy":"category","embeddable":true,"href":"https:\/\/www.emmaducher.com\/blog\/wp-json\/wp\/v2\/categories?post=988"},{"taxonomy":"post_tag","embeddable":true,"href":"https:\/\/www.emmaducher.com\/blog\/wp-json\/wp\/v2\/tags?post=988"}],"curies":[{"name":"wp","href":"https:\/\/api.w.org\/{rel}","templated":true}]}}